{"id":549,"date":"2015-04-22T00:00:46","date_gmt":"2015-04-21T23:00:46","guid":{"rendered":"http:\/\/teste12345.site90.com\/wordpress\/?p=549"},"modified":"2015-06-01T13:40:45","modified_gmt":"2015-06-01T12:40:45","slug":"demolicao-centro-social-de-sao-martinho-do-vale","status":"publish","type":"post","link":"http:\/\/www.jcssterraplanagenslda.pt\/?p=549","title":{"rendered":"Demoli\u00e7\u00e3o &#8211; Centro Social de S\u00e3o Martinho do Vale"},"content":{"rendered":"<div id='gallery-1' class='gallery galleryid-549 gallery-columns-3 gallery-size-medium'><figure class='gallery-item'>\n\t\t\t<div class='gallery-icon landscape'>\n\t\t\t\t<a href='http:\/\/www.jcssterraplanagenslda.pt\/wp-content\/uploads\/2015\/04\/Demolicao-Centro-Social-de-Sao-Martinho-do-Vale-JCSS141.jpg'><img loading=\"lazy\" decoding=\"async\" width=\"300\" height=\"225\" src=\"http:\/\/www.jcssterraplanagenslda.pt\/wp-content\/uploads\/2015\/04\/Demolicao-Centro-Social-de-Sao-Martinho-do-Vale-JCSS141-300x225.jpg\" class=\"attachment-medium size-medium\" alt=\"\" srcset=\"http:\/\/www.jcssterraplanagenslda.pt\/wp-content\/uploads\/2015\/04\/Demolicao-Centro-Social-de-Sao-Martinho-do-Vale-JCSS141-300x225.jpg 300w, http:\/\/www.jcssterraplanagenslda.pt\/wp-content\/uploads\/2015\/04\/Demolicao-Centro-Social-de-Sao-Martinho-do-Vale-JCSS141-1024x768.jpg 1024w, http:\/\/www.jcssterraplanagenslda.pt\/wp-content\/uploads\/2015\/04\/Demolicao-Centro-Social-de-Sao-Martinho-do-Vale-JCSS141-500x375.jpg 500w, http:\/\/www.jcssterraplanagenslda.pt\/wp-content\/uploads\/2015\/04\/Demolicao-Centro-Social-de-Sao-Martinho-do-Vale-JCSS141.jpg 1280w\" sizes=\"auto, (max-width: 300px) 100vw, 300px\" \/><\/a>\n\t\t\t<\/div><\/figure><figure class='gallery-item'>\n\t\t\t<div class='gallery-icon landscape'>\n\t\t\t\t<a href='http:\/\/www.jcssterraplanagenslda.pt\/wp-content\/uploads\/2015\/04\/Demolicao-Centro-Social-de-Sao-Martinho-do-Vale-JCSS142.jpg'><img loading=\"lazy\" decoding=\"async\" width=\"300\" height=\"225\" src=\"http:\/\/www.jcssterraplanagenslda.pt\/wp-content\/uploads\/2015\/04\/Demolicao-Centro-Social-de-Sao-Martinho-do-Vale-JCSS142-300x225.jpg\" class=\"attachment-medium size-medium\" alt=\"\" srcset=\"http:\/\/www.jcssterraplanagenslda.pt\/wp-content\/uploads\/2015\/04\/Demolicao-Centro-Social-de-Sao-Martinho-do-Vale-JCSS142-300x225.jpg 300w, http:\/\/www.jcssterraplanagenslda.pt\/wp-content\/uploads\/2015\/04\/Demolicao-Centro-Social-de-Sao-Martinho-do-Vale-JCSS142-1024x768.jpg 1024w, http:\/\/www.jcssterraplanagenslda.pt\/wp-content\/uploads\/2015\/04\/Demolicao-Centro-Social-de-Sao-Martinho-do-Vale-JCSS142-500x375.jpg 500w, http:\/\/www.jcssterraplanagenslda.pt\/wp-content\/uploads\/2015\/04\/Demolicao-Centro-Social-de-Sao-Martinho-do-Vale-JCSS142.jpg 1280w\" sizes=\"auto, (max-width: 300px) 100vw, 300px\" \/><\/a>\n\t\t\t<\/div><\/figure><figure class='gallery-item'>\n\t\t\t<div class='gallery-icon landscape'>\n\t\t\t\t<a href='http:\/\/www.jcssterraplanagenslda.pt\/wp-content\/uploads\/2015\/04\/Demolicao-Centro-Social-de-Sao-Martinho-do-Vale-JCSS143.jpg'><img loading=\"lazy\" decoding=\"async\" width=\"300\" height=\"225\" src=\"http:\/\/www.jcssterraplanagenslda.pt\/wp-content\/uploads\/2015\/04\/Demolicao-Centro-Social-de-Sao-Martinho-do-Vale-JCSS143-300x225.jpg\" class=\"attachment-medium size-medium\" alt=\"\" srcset=\"http:\/\/www.jcssterraplanagenslda.pt\/wp-content\/uploads\/2015\/04\/Demolicao-Centro-Social-de-Sao-Martinho-do-Vale-JCSS143-300x225.jpg 300w, http:\/\/www.jcssterraplanagenslda.pt\/wp-content\/uploads\/2015\/04\/Demolicao-Centro-Social-de-Sao-Martinho-do-Vale-JCSS143-1024x768.jpg 1024w, http:\/\/www.jcssterraplanagenslda.pt\/wp-content\/uploads\/2015\/04\/Demolicao-Centro-Social-de-Sao-Martinho-do-Vale-JCSS143-500x375.jpg 500w, http:\/\/www.jcssterraplanagenslda.pt\/wp-content\/uploads\/2015\/04\/Demolicao-Centro-Social-de-Sao-Martinho-do-Vale-JCSS143.jpg 1280w\" sizes=\"auto, (max-width: 300px) 100vw, 300px\" \/><\/a>\n\t\t\t<\/div><\/figure><figure class='gallery-item'>\n\t\t\t<div class='gallery-icon landscape'>\n\t\t\t\t<a href='http:\/\/www.jcssterraplanagenslda.pt\/wp-content\/uploads\/2015\/04\/Demolicao-Centro-Social-de-Sao-Martinho-do-Vale-JCSS144.jpg'><img loading=\"lazy\" decoding=\"async\" width=\"300\" height=\"225\" src=\"http:\/\/www.jcssterraplanagenslda.pt\/wp-content\/uploads\/2015\/04\/Demolicao-Centro-Social-de-Sao-Martinho-do-Vale-JCSS144-300x225.jpg\" class=\"attachment-medium size-medium\" alt=\"\" srcset=\"http:\/\/www.jcssterraplanagenslda.pt\/wp-content\/uploads\/2015\/04\/Demolicao-Centro-Social-de-Sao-Martinho-do-Vale-JCSS144-300x225.jpg 300w, http:\/\/www.jcssterraplanagenslda.pt\/wp-content\/uploads\/2015\/04\/Demolicao-Centro-Social-de-Sao-Martinho-do-Vale-JCSS144-1024x768.jpg 1024w, http:\/\/www.jcssterraplanagenslda.pt\/wp-content\/uploads\/2015\/04\/Demolicao-Centro-Social-de-Sao-Martinho-do-Vale-JCSS144-500x375.jpg 500w, http:\/\/www.jcssterraplanagenslda.pt\/wp-content\/uploads\/2015\/04\/Demolicao-Centro-Social-de-Sao-Martinho-do-Vale-JCSS144.jpg 1280w\" sizes=\"auto, (max-width: 300px) 100vw, 300px\" \/><\/a>\n\t\t\t<\/div><\/figure><figure class='gallery-item'>\n\t\t\t<div class='gallery-icon landscape'>\n\t\t\t\t<a href='http:\/\/www.jcssterraplanagenslda.pt\/wp-content\/uploads\/2015\/04\/Demolicao-Centro-Social-de-Sao-Martinho-do-Vale-JCSS145.jpg'><img loading=\"lazy\" decoding=\"async\" width=\"300\" height=\"225\" src=\"http:\/\/www.jcssterraplanagenslda.pt\/wp-content\/uploads\/2015\/04\/Demolicao-Centro-Social-de-Sao-Martinho-do-Vale-JCSS145-300x225.jpg\" class=\"attachment-medium size-medium\" alt=\"\" srcset=\"http:\/\/www.jcssterraplanagenslda.pt\/wp-content\/uploads\/2015\/04\/Demolicao-Centro-Social-de-Sao-Martinho-do-Vale-JCSS145-300x225.jpg 300w, http:\/\/www.jcssterraplanagenslda.pt\/wp-content\/uploads\/2015\/04\/Demolicao-Centro-Social-de-Sao-Martinho-do-Vale-JCSS145-1024x768.jpg 1024w, http:\/\/www.jcssterraplanagenslda.pt\/wp-content\/uploads\/2015\/04\/Demolicao-Centro-Social-de-Sao-Martinho-do-Vale-JCSS145-500x375.jpg 500w, http:\/\/www.jcssterraplanagenslda.pt\/wp-content\/uploads\/2015\/04\/Demolicao-Centro-Social-de-Sao-Martinho-do-Vale-JCSS145.jpg 1280w\" sizes=\"auto, (max-width: 300px) 100vw, 300px\" \/><\/a>\n\t\t\t<\/div><\/figure><figure class='gallery-item'>\n\t\t\t<div class='gallery-icon landscape'>\n\t\t\t\t<a href='http:\/\/www.jcssterraplanagenslda.pt\/wp-content\/uploads\/2015\/04\/Demolicao-Centro-Social-de-Sao-Martinho-do-Vale-JCSS146.jpg'><img loading=\"lazy\" decoding=\"async\" width=\"300\" height=\"225\" src=\"http:\/\/www.jcssterraplanagenslda.pt\/wp-content\/uploads\/2015\/04\/Demolicao-Centro-Social-de-Sao-Martinho-do-Vale-JCSS146-300x225.jpg\" class=\"attachment-medium size-medium\" alt=\"\" srcset=\"http:\/\/www.jcssterraplanagenslda.pt\/wp-content\/uploads\/2015\/04\/Demolicao-Centro-Social-de-Sao-Martinho-do-Vale-JCSS146-300x225.jpg 300w, http:\/\/www.jcssterraplanagenslda.pt\/wp-content\/uploads\/2015\/04\/Demolicao-Centro-Social-de-Sao-Martinho-do-Vale-JCSS146-1024x768.jpg 1024w, http:\/\/www.jcssterraplanagenslda.pt\/wp-content\/uploads\/2015\/04\/Demolicao-Centro-Social-de-Sao-Martinho-do-Vale-JCSS146-500x375.jpg 500w, http:\/\/www.jcssterraplanagenslda.pt\/wp-content\/uploads\/2015\/04\/Demolicao-Centro-Social-de-Sao-Martinho-do-Vale-JCSS146.jpg 1280w\" sizes=\"auto, (max-width: 300px) 100vw, 300px\" \/><\/a>\n\t\t\t<\/div><\/figure>\n\t\t<\/div>\n\n","protected":false},"excerpt":{"rendered":"","protected":false},"author":1,"featured_media":1223,"comment_status":"closed","ping_status":"closed","sticky":false,"template":"","format":"standard","meta":{"footnotes":""},"categories":[5],"tags":[],"class_list":["post-549","post","type-post","status-publish","format-standard","has-post-thumbnail","hentry","category-demolicao"],"aioseo_notices":[],"_links":{"self":[{"href":"http:\/\/www.jcssterraplanagenslda.pt\/index.php?rest_route=\/wp\/v2\/posts\/549","targetHints":{"allow":["GET"]}}],"collection":[{"href":"http:\/\/www.jcssterraplanagenslda.pt\/index.php?rest_route=\/wp\/v2\/posts"}],"about":[{"href":"http:\/\/www.jcssterraplanagenslda.pt\/index.php?rest_route=\/wp\/v2\/types\/post"}],"author":[{"embeddable":true,"href":"http:\/\/www.jcssterraplanagenslda.pt\/index.php?rest_route=\/wp\/v2\/users\/1"}],"replies":[{"embeddable":true,"href":"http:\/\/www.jcssterraplanagenslda.pt\/index.php?rest_route=%2Fwp%2Fv2%2Fcomments&post=549"}],"version-history":[{"count":3,"href":"http:\/\/www.jcssterraplanagenslda.pt\/index.php?rest_route=\/wp\/v2\/posts\/549\/revisions"}],"predecessor-version":[{"id":1227,"href":"http:\/\/www.jcssterraplanagenslda.pt\/index.php?rest_route=\/wp\/v2\/posts\/549\/revisions\/1227"}],"wp:featuredmedia":[{"embeddable":true,"href":"http:\/\/www.jcssterraplanagenslda.pt\/index.php?rest_route=\/wp\/v2\/media\/1223"}],"wp:attachment":[{"href":"http:\/\/www.jcssterraplanagenslda.pt\/index.php?rest_route=%2Fwp%2Fv2%2Fmedia&parent=549"}],"wp:term":[{"taxonomy":"category","embeddable":true,"href":"http:\/\/www.jcssterraplanagenslda.pt\/index.php?rest_route=%2Fwp%2Fv2%2Fcategories&post=549"},{"taxonomy":"post_tag","embeddable":true,"href":"http:\/\/www.jcssterraplanagenslda.pt\/index.php?rest_route=%2Fwp%2Fv2%2Ftags&post=549"}],"curies":[{"name":"wp","href":"https:\/\/api.w.org\/{rel}","templated":true}]}}