{"id":425,"date":"2013-05-14T00:00:20","date_gmt":"2013-05-13T23:00:20","guid":{"rendered":"http:\/\/teste12345.site90.com\/wordpress\/?p=425"},"modified":"2015-06-01T13:42:59","modified_gmt":"2015-06-01T12:42:59","slug":"associacao-nacional-de-farmacias-zona-industrial-porto","status":"publish","type":"post","link":"http:\/\/www.jcssterraplanagenslda.pt\/?p=425","title":{"rendered":"Associa\u00e7\u00e3o Nacional de Farm\u00e1cias &#8211; Zona Industrial Porto"},"content":{"rendered":"<div id='gallery-1' class='gallery galleryid-425 gallery-columns-3 gallery-size-medium'><figure class='gallery-item'>\n\t\t\t<div class='gallery-icon landscape'>\n\t\t\t\t<a href='http:\/\/www.jcssterraplanagenslda.pt\/wp-content\/uploads\/2013\/05\/Associacao-Nacional-de-Farmacias-Zona-Industrial-Porto-JCSS023.jpg'><img loading=\"lazy\" decoding=\"async\" width=\"300\" height=\"225\" src=\"http:\/\/www.jcssterraplanagenslda.pt\/wp-content\/uploads\/2013\/05\/Associacao-Nacional-de-Farmacias-Zona-Industrial-Porto-JCSS023-300x225.jpg\" class=\"attachment-medium size-medium\" alt=\"\" srcset=\"http:\/\/www.jcssterraplanagenslda.pt\/wp-content\/uploads\/2013\/05\/Associacao-Nacional-de-Farmacias-Zona-Industrial-Porto-JCSS023-300x225.jpg 300w, http:\/\/www.jcssterraplanagenslda.pt\/wp-content\/uploads\/2013\/05\/Associacao-Nacional-de-Farmacias-Zona-Industrial-Porto-JCSS023-1024x768.jpg 1024w, http:\/\/www.jcssterraplanagenslda.pt\/wp-content\/uploads\/2013\/05\/Associacao-Nacional-de-Farmacias-Zona-Industrial-Porto-JCSS023-500x375.jpg 500w, http:\/\/www.jcssterraplanagenslda.pt\/wp-content\/uploads\/2013\/05\/Associacao-Nacional-de-Farmacias-Zona-Industrial-Porto-JCSS023.jpg 1280w\" sizes=\"auto, (max-width: 300px) 100vw, 300px\" \/><\/a>\n\t\t\t<\/div><\/figure><figure class='gallery-item'>\n\t\t\t<div class='gallery-icon landscape'>\n\t\t\t\t<a href='http:\/\/www.jcssterraplanagenslda.pt\/wp-content\/uploads\/2013\/05\/Associacao-Nacional-de-Farmacias-Zona-Industrial-Porto-JCSS013.jpg'><img loading=\"lazy\" decoding=\"async\" width=\"300\" height=\"225\" src=\"http:\/\/www.jcssterraplanagenslda.pt\/wp-content\/uploads\/2013\/05\/Associacao-Nacional-de-Farmacias-Zona-Industrial-Porto-JCSS013-300x225.jpg\" class=\"attachment-medium size-medium\" alt=\"\" srcset=\"http:\/\/www.jcssterraplanagenslda.pt\/wp-content\/uploads\/2013\/05\/Associacao-Nacional-de-Farmacias-Zona-Industrial-Porto-JCSS013-300x225.jpg 300w, http:\/\/www.jcssterraplanagenslda.pt\/wp-content\/uploads\/2013\/05\/Associacao-Nacional-de-Farmacias-Zona-Industrial-Porto-JCSS013-1024x768.jpg 1024w, http:\/\/www.jcssterraplanagenslda.pt\/wp-content\/uploads\/2013\/05\/Associacao-Nacional-de-Farmacias-Zona-Industrial-Porto-JCSS013-500x375.jpg 500w, http:\/\/www.jcssterraplanagenslda.pt\/wp-content\/uploads\/2013\/05\/Associacao-Nacional-de-Farmacias-Zona-Industrial-Porto-JCSS013.jpg 1280w\" sizes=\"auto, (max-width: 300px) 100vw, 300px\" \/><\/a>\n\t\t\t<\/div><\/figure><figure class='gallery-item'>\n\t\t\t<div class='gallery-icon landscape'>\n\t\t\t\t<a href='http:\/\/www.jcssterraplanagenslda.pt\/wp-content\/uploads\/2013\/05\/Associacao-Nacional-de-Farmacias-Zona-Industrial-Porto-JCSS027.jpg'><img loading=\"lazy\" decoding=\"async\" width=\"300\" height=\"225\" src=\"http:\/\/www.jcssterraplanagenslda.pt\/wp-content\/uploads\/2013\/05\/Associacao-Nacional-de-Farmacias-Zona-Industrial-Porto-JCSS027-300x225.jpg\" class=\"attachment-medium size-medium\" alt=\"\" srcset=\"http:\/\/www.jcssterraplanagenslda.pt\/wp-content\/uploads\/2013\/05\/Associacao-Nacional-de-Farmacias-Zona-Industrial-Porto-JCSS027-300x225.jpg 300w, http:\/\/www.jcssterraplanagenslda.pt\/wp-content\/uploads\/2013\/05\/Associacao-Nacional-de-Farmacias-Zona-Industrial-Porto-JCSS027-1024x768.jpg 1024w, http:\/\/www.jcssterraplanagenslda.pt\/wp-content\/uploads\/2013\/05\/Associacao-Nacional-de-Farmacias-Zona-Industrial-Porto-JCSS027-500x375.jpg 500w, http:\/\/www.jcssterraplanagenslda.pt\/wp-content\/uploads\/2013\/05\/Associacao-Nacional-de-Farmacias-Zona-Industrial-Porto-JCSS027.jpg 1280w\" sizes=\"auto, (max-width: 300px) 100vw, 300px\" \/><\/a>\n\t\t\t<\/div><\/figure><figure class='gallery-item'>\n\t\t\t<div class='gallery-icon landscape'>\n\t\t\t\t<a href='http:\/\/www.jcssterraplanagenslda.pt\/wp-content\/uploads\/2013\/05\/Associacao-Nacional-de-Farmacias-Zona-Industrial-Porto-JCSS038.jpg'><img loading=\"lazy\" decoding=\"async\" width=\"300\" height=\"225\" src=\"http:\/\/www.jcssterraplanagenslda.pt\/wp-content\/uploads\/2013\/05\/Associacao-Nacional-de-Farmacias-Zona-Industrial-Porto-JCSS038-300x225.jpg\" class=\"attachment-medium size-medium\" alt=\"\" srcset=\"http:\/\/www.jcssterraplanagenslda.pt\/wp-content\/uploads\/2013\/05\/Associacao-Nacional-de-Farmacias-Zona-Industrial-Porto-JCSS038-300x225.jpg 300w, http:\/\/www.jcssterraplanagenslda.pt\/wp-content\/uploads\/2013\/05\/Associacao-Nacional-de-Farmacias-Zona-Industrial-Porto-JCSS038-1024x768.jpg 1024w, http:\/\/www.jcssterraplanagenslda.pt\/wp-content\/uploads\/2013\/05\/Associacao-Nacional-de-Farmacias-Zona-Industrial-Porto-JCSS038-500x375.jpg 500w, http:\/\/www.jcssterraplanagenslda.pt\/wp-content\/uploads\/2013\/05\/Associacao-Nacional-de-Farmacias-Zona-Industrial-Porto-JCSS038.jpg 1280w\" sizes=\"auto, (max-width: 300px) 100vw, 300px\" \/><\/a>\n\t\t\t<\/div><\/figure><figure class='gallery-item'>\n\t\t\t<div class='gallery-icon landscape'>\n\t\t\t\t<a href='http:\/\/www.jcssterraplanagenslda.pt\/wp-content\/uploads\/2013\/05\/Associacao-Nacional-de-Farmacias-Zona-Industrial-Porto-JCSS041.jpg'><img loading=\"lazy\" decoding=\"async\" width=\"300\" height=\"225\" src=\"http:\/\/www.jcssterraplanagenslda.pt\/wp-content\/uploads\/2013\/05\/Associacao-Nacional-de-Farmacias-Zona-Industrial-Porto-JCSS041-300x225.jpg\" class=\"attachment-medium size-medium\" alt=\"\" srcset=\"http:\/\/www.jcssterraplanagenslda.pt\/wp-content\/uploads\/2013\/05\/Associacao-Nacional-de-Farmacias-Zona-Industrial-Porto-JCSS041-300x225.jpg 300w, http:\/\/www.jcssterraplanagenslda.pt\/wp-content\/uploads\/2013\/05\/Associacao-Nacional-de-Farmacias-Zona-Industrial-Porto-JCSS041-1024x768.jpg 1024w, http:\/\/www.jcssterraplanagenslda.pt\/wp-content\/uploads\/2013\/05\/Associacao-Nacional-de-Farmacias-Zona-Industrial-Porto-JCSS041-500x375.jpg 500w, http:\/\/www.jcssterraplanagenslda.pt\/wp-content\/uploads\/2013\/05\/Associacao-Nacional-de-Farmacias-Zona-Industrial-Porto-JCSS041.jpg 1280w\" sizes=\"auto, (max-width: 300px) 100vw, 300px\" \/><\/a>\n\t\t\t<\/div><\/figure><figure class='gallery-item'>\n\t\t\t<div class='gallery-icon landscape'>\n\t\t\t\t<a href='http:\/\/www.jcssterraplanagenslda.pt\/wp-content\/uploads\/2013\/05\/Associacao-Nacional-de-Farmacias-Zona-Industrial-Porto-JCSS021.jpg'><img loading=\"lazy\" decoding=\"async\" width=\"300\" height=\"225\" src=\"http:\/\/www.jcssterraplanagenslda.pt\/wp-content\/uploads\/2013\/05\/Associacao-Nacional-de-Farmacias-Zona-Industrial-Porto-JCSS021-300x225.jpg\" class=\"attachment-medium size-medium\" alt=\"\" srcset=\"http:\/\/www.jcssterraplanagenslda.pt\/wp-content\/uploads\/2013\/05\/Associacao-Nacional-de-Farmacias-Zona-Industrial-Porto-JCSS021-300x225.jpg 300w, http:\/\/www.jcssterraplanagenslda.pt\/wp-content\/uploads\/2013\/05\/Associacao-Nacional-de-Farmacias-Zona-Industrial-Porto-JCSS021-1024x768.jpg 1024w, http:\/\/www.jcssterraplanagenslda.pt\/wp-content\/uploads\/2013\/05\/Associacao-Nacional-de-Farmacias-Zona-Industrial-Porto-JCSS021-500x375.jpg 500w, http:\/\/www.jcssterraplanagenslda.pt\/wp-content\/uploads\/2013\/05\/Associacao-Nacional-de-Farmacias-Zona-Industrial-Porto-JCSS021.jpg 1280w\" sizes=\"auto, (max-width: 300px) 100vw, 300px\" \/><\/a>\n\t\t\t<\/div><\/figure>\n\t\t<\/div>\n\n<p><!--more--><\/p>\n<div id='gallery-2' class='gallery galleryid-425 gallery-columns-3 gallery-size-medium'><figure class='gallery-item'>\n\t\t\t<div class='gallery-icon landscape'>\n\t\t\t\t<a href='http:\/\/www.jcssterraplanagenslda.pt\/wp-content\/uploads\/2013\/05\/Associacao-Nacional-de-Farmacias-Zona-Industrial-Porto-JCSS057.jpg'><img loading=\"lazy\" decoding=\"async\" width=\"300\" height=\"225\" src=\"http:\/\/www.jcssterraplanagenslda.pt\/wp-content\/uploads\/2013\/05\/Associacao-Nacional-de-Farmacias-Zona-Industrial-Porto-JCSS057-300x225.jpg\" class=\"attachment-medium size-medium\" alt=\"\" srcset=\"http:\/\/www.jcssterraplanagenslda.pt\/wp-content\/uploads\/2013\/05\/Associacao-Nacional-de-Farmacias-Zona-Industrial-Porto-JCSS057-300x225.jpg 300w, http:\/\/www.jcssterraplanagenslda.pt\/wp-content\/uploads\/2013\/05\/Associacao-Nacional-de-Farmacias-Zona-Industrial-Porto-JCSS057-1024x768.jpg 1024w, http:\/\/www.jcssterraplanagenslda.pt\/wp-content\/uploads\/2013\/05\/Associacao-Nacional-de-Farmacias-Zona-Industrial-Porto-JCSS057-500x375.jpg 500w, http:\/\/www.jcssterraplanagenslda.pt\/wp-content\/uploads\/2013\/05\/Associacao-Nacional-de-Farmacias-Zona-Industrial-Porto-JCSS057.jpg 1280w\" sizes=\"auto, (max-width: 300px) 100vw, 300px\" \/><\/a>\n\t\t\t<\/div><\/figure><figure class='gallery-item'>\n\t\t\t<div class='gallery-icon landscape'>\n\t\t\t\t<a href='http:\/\/www.jcssterraplanagenslda.pt\/wp-content\/uploads\/2013\/05\/Associacao-Nacional-de-Farmacias-Zona-Industrial-Porto-JCSS056.jpg'><img loading=\"lazy\" decoding=\"async\" width=\"300\" height=\"225\" src=\"http:\/\/www.jcssterraplanagenslda.pt\/wp-content\/uploads\/2013\/05\/Associacao-Nacional-de-Farmacias-Zona-Industrial-Porto-JCSS056-300x225.jpg\" class=\"attachment-medium size-medium\" alt=\"\" srcset=\"http:\/\/www.jcssterraplanagenslda.pt\/wp-content\/uploads\/2013\/05\/Associacao-Nacional-de-Farmacias-Zona-Industrial-Porto-JCSS056-300x225.jpg 300w, http:\/\/www.jcssterraplanagenslda.pt\/wp-content\/uploads\/2013\/05\/Associacao-Nacional-de-Farmacias-Zona-Industrial-Porto-JCSS056-1024x768.jpg 1024w, http:\/\/www.jcssterraplanagenslda.pt\/wp-content\/uploads\/2013\/05\/Associacao-Nacional-de-Farmacias-Zona-Industrial-Porto-JCSS056-500x375.jpg 500w, http:\/\/www.jcssterraplanagenslda.pt\/wp-content\/uploads\/2013\/05\/Associacao-Nacional-de-Farmacias-Zona-Industrial-Porto-JCSS056.jpg 1280w\" sizes=\"auto, (max-width: 300px) 100vw, 300px\" \/><\/a>\n\t\t\t<\/div><\/figure><figure class='gallery-item'>\n\t\t\t<div class='gallery-icon landscape'>\n\t\t\t\t<a href='http:\/\/www.jcssterraplanagenslda.pt\/wp-content\/uploads\/2013\/05\/Associacao-Nacional-de-Farmacias-Zona-Industrial-Porto-JCSS055.jpg'><img loading=\"lazy\" decoding=\"async\" width=\"300\" height=\"225\" src=\"http:\/\/www.jcssterraplanagenslda.pt\/wp-content\/uploads\/2013\/05\/Associacao-Nacional-de-Farmacias-Zona-Industrial-Porto-JCSS055-300x225.jpg\" class=\"attachment-medium size-medium\" alt=\"\" srcset=\"http:\/\/www.jcssterraplanagenslda.pt\/wp-content\/uploads\/2013\/05\/Associacao-Nacional-de-Farmacias-Zona-Industrial-Porto-JCSS055-300x225.jpg 300w, http:\/\/www.jcssterraplanagenslda.pt\/wp-content\/uploads\/2013\/05\/Associacao-Nacional-de-Farmacias-Zona-Industrial-Porto-JCSS055-1024x768.jpg 1024w, http:\/\/www.jcssterraplanagenslda.pt\/wp-content\/uploads\/2013\/05\/Associacao-Nacional-de-Farmacias-Zona-Industrial-Porto-JCSS055-500x375.jpg 500w, http:\/\/www.jcssterraplanagenslda.pt\/wp-content\/uploads\/2013\/05\/Associacao-Nacional-de-Farmacias-Zona-Industrial-Porto-JCSS055.jpg 1280w\" sizes=\"auto, (max-width: 300px) 100vw, 300px\" \/><\/a>\n\t\t\t<\/div><\/figure><figure class='gallery-item'>\n\t\t\t<div class='gallery-icon landscape'>\n\t\t\t\t<a href='http:\/\/www.jcssterraplanagenslda.pt\/wp-content\/uploads\/2013\/05\/Associacao-Nacional-de-Farmacias-Zona-Industrial-Porto-JCSS054.jpg'><img loading=\"lazy\" decoding=\"async\" width=\"300\" height=\"225\" src=\"http:\/\/www.jcssterraplanagenslda.pt\/wp-content\/uploads\/2013\/05\/Associacao-Nacional-de-Farmacias-Zona-Industrial-Porto-JCSS054-300x225.jpg\" class=\"attachment-medium size-medium\" alt=\"\" srcset=\"http:\/\/www.jcssterraplanagenslda.pt\/wp-content\/uploads\/2013\/05\/Associacao-Nacional-de-Farmacias-Zona-Industrial-Porto-JCSS054-300x225.jpg 300w, http:\/\/www.jcssterraplanagenslda.pt\/wp-content\/uploads\/2013\/05\/Associacao-Nacional-de-Farmacias-Zona-Industrial-Porto-JCSS054-1024x768.jpg 1024w, http:\/\/www.jcssterraplanagenslda.pt\/wp-content\/uploads\/2013\/05\/Associacao-Nacional-de-Farmacias-Zona-Industrial-Porto-JCSS054-500x375.jpg 500w, http:\/\/www.jcssterraplanagenslda.pt\/wp-content\/uploads\/2013\/05\/Associacao-Nacional-de-Farmacias-Zona-Industrial-Porto-JCSS054.jpg 1280w\" sizes=\"auto, (max-width: 300px) 100vw, 300px\" \/><\/a>\n\t\t\t<\/div><\/figure><figure class='gallery-item'>\n\t\t\t<div class='gallery-icon landscape'>\n\t\t\t\t<a href='http:\/\/www.jcssterraplanagenslda.pt\/wp-content\/uploads\/2013\/05\/Associacao-Nacional-de-Farmacias-Zona-Industrial-Porto-JCSS053.jpg'><img loading=\"lazy\" decoding=\"async\" width=\"300\" height=\"225\" src=\"http:\/\/www.jcssterraplanagenslda.pt\/wp-content\/uploads\/2013\/05\/Associacao-Nacional-de-Farmacias-Zona-Industrial-Porto-JCSS053-300x225.jpg\" class=\"attachment-medium size-medium\" alt=\"\" srcset=\"http:\/\/www.jcssterraplanagenslda.pt\/wp-content\/uploads\/2013\/05\/Associacao-Nacional-de-Farmacias-Zona-Industrial-Porto-JCSS053-300x225.jpg 300w, http:\/\/www.jcssterraplanagenslda.pt\/wp-content\/uploads\/2013\/05\/Associacao-Nacional-de-Farmacias-Zona-Industrial-Porto-JCSS053-1024x768.jpg 1024w, http:\/\/www.jcssterraplanagenslda.pt\/wp-content\/uploads\/2013\/05\/Associacao-Nacional-de-Farmacias-Zona-Industrial-Porto-JCSS053-500x375.jpg 500w, http:\/\/www.jcssterraplanagenslda.pt\/wp-content\/uploads\/2013\/05\/Associacao-Nacional-de-Farmacias-Zona-Industrial-Porto-JCSS053.jpg 1280w\" sizes=\"auto, (max-width: 300px) 100vw, 300px\" \/><\/a>\n\t\t\t<\/div><\/figure><figure class='gallery-item'>\n\t\t\t<div class='gallery-icon landscape'>\n\t\t\t\t<a href='http:\/\/www.jcssterraplanagenslda.pt\/wp-content\/uploads\/2013\/05\/Associacao-Nacional-de-Farmacias-Zona-Industrial-Porto-JCSS052.jpg'><img loading=\"lazy\" decoding=\"async\" width=\"300\" height=\"225\" src=\"http:\/\/www.jcssterraplanagenslda.pt\/wp-content\/uploads\/2013\/05\/Associacao-Nacional-de-Farmacias-Zona-Industrial-Porto-JCSS052-300x225.jpg\" class=\"attachment-medium size-medium\" alt=\"\" srcset=\"http:\/\/www.jcssterraplanagenslda.pt\/wp-content\/uploads\/2013\/05\/Associacao-Nacional-de-Farmacias-Zona-Industrial-Porto-JCSS052-300x225.jpg 300w, http:\/\/www.jcssterraplanagenslda.pt\/wp-content\/uploads\/2013\/05\/Associacao-Nacional-de-Farmacias-Zona-Industrial-Porto-JCSS052-1024x768.jpg 1024w, http:\/\/www.jcssterraplanagenslda.pt\/wp-content\/uploads\/2013\/05\/Associacao-Nacional-de-Farmacias-Zona-Industrial-Porto-JCSS052-500x375.jpg 500w, http:\/\/www.jcssterraplanagenslda.pt\/wp-content\/uploads\/2013\/05\/Associacao-Nacional-de-Farmacias-Zona-Industrial-Porto-JCSS052.jpg 1280w\" sizes=\"auto, (max-width: 300px) 100vw, 300px\" \/><\/a>\n\t\t\t<\/div><\/figure><figure class='gallery-item'>\n\t\t\t<div class='gallery-icon landscape'>\n\t\t\t\t<a href='http:\/\/www.jcssterraplanagenslda.pt\/wp-content\/uploads\/2013\/05\/Associacao-Nacional-de-Farmacias-Zona-Industrial-Porto-JCSS051.jpg'><img loading=\"lazy\" decoding=\"async\" width=\"300\" height=\"225\" src=\"http:\/\/www.jcssterraplanagenslda.pt\/wp-content\/uploads\/2013\/05\/Associacao-Nacional-de-Farmacias-Zona-Industrial-Porto-JCSS051-300x225.jpg\" class=\"attachment-medium size-medium\" alt=\"\" srcset=\"http:\/\/www.jcssterraplanagenslda.pt\/wp-content\/uploads\/2013\/05\/Associacao-Nacional-de-Farmacias-Zona-Industrial-Porto-JCSS051-300x225.jpg 300w, http:\/\/www.jcssterraplanagenslda.pt\/wp-content\/uploads\/2013\/05\/Associacao-Nacional-de-Farmacias-Zona-Industrial-Porto-JCSS051-1024x768.jpg 1024w, http:\/\/www.jcssterraplanagenslda.pt\/wp-content\/uploads\/2013\/05\/Associacao-Nacional-de-Farmacias-Zona-Industrial-Porto-JCSS051-500x375.jpg 500w, http:\/\/www.jcssterraplanagenslda.pt\/wp-content\/uploads\/2013\/05\/Associacao-Nacional-de-Farmacias-Zona-Industrial-Porto-JCSS051.jpg 1280w\" sizes=\"auto, (max-width: 300px) 100vw, 300px\" \/><\/a>\n\t\t\t<\/div><\/figure><figure class='gallery-item'>\n\t\t\t<div class='gallery-icon landscape'>\n\t\t\t\t<a href='http:\/\/www.jcssterraplanagenslda.pt\/wp-content\/uploads\/2013\/05\/Associacao-Nacional-de-Farmacias-Zona-Industrial-Porto-JCSS050.jpg'><img loading=\"lazy\" decoding=\"async\" width=\"300\" height=\"225\" src=\"http:\/\/www.jcssterraplanagenslda.pt\/wp-content\/uploads\/2013\/05\/Associacao-Nacional-de-Farmacias-Zona-Industrial-Porto-JCSS050-300x225.jpg\" class=\"attachment-medium size-medium\" alt=\"\" srcset=\"http:\/\/www.jcssterraplanagenslda.pt\/wp-content\/uploads\/2013\/05\/Associacao-Nacional-de-Farmacias-Zona-Industrial-Porto-JCSS050-300x225.jpg 300w, http:\/\/www.jcssterraplanagenslda.pt\/wp-content\/uploads\/2013\/05\/Associacao-Nacional-de-Farmacias-Zona-Industrial-Porto-JCSS050-1024x768.jpg 1024w, http:\/\/www.jcssterraplanagenslda.pt\/wp-content\/uploads\/2013\/05\/Associacao-Nacional-de-Farmacias-Zona-Industrial-Porto-JCSS050-500x375.jpg 500w, http:\/\/www.jcssterraplanagenslda.pt\/wp-content\/uploads\/2013\/05\/Associacao-Nacional-de-Farmacias-Zona-Industrial-Porto-JCSS050.jpg 1280w\" sizes=\"auto, (max-width: 300px) 100vw, 300px\" \/><\/a>\n\t\t\t<\/div><\/figure><figure class='gallery-item'>\n\t\t\t<div class='gallery-icon landscape'>\n\t\t\t\t<a href='http:\/\/www.jcssterraplanagenslda.pt\/wp-content\/uploads\/2013\/05\/Associacao-Nacional-de-Farmacias-Zona-Industrial-Porto-JCSS049.jpg'><img loading=\"lazy\" decoding=\"async\" width=\"300\" height=\"225\" src=\"http:\/\/www.jcssterraplanagenslda.pt\/wp-content\/uploads\/2013\/05\/Associacao-Nacional-de-Farmacias-Zona-Industrial-Porto-JCSS049-300x225.jpg\" class=\"attachment-medium size-medium\" alt=\"\" srcset=\"http:\/\/www.jcssterraplanagenslda.pt\/wp-content\/uploads\/2013\/05\/Associacao-Nacional-de-Farmacias-Zona-Industrial-Porto-JCSS049-300x225.jpg 300w, http:\/\/www.jcssterraplanagenslda.pt\/wp-content\/uploads\/2013\/05\/Associacao-Nacional-de-Farmacias-Zona-Industrial-Porto-JCSS049-1024x768.jpg 1024w, http:\/\/www.jcssterraplanagenslda.pt\/wp-content\/uploads\/2013\/05\/Associacao-Nacional-de-Farmacias-Zona-Industrial-Porto-JCSS049-500x375.jpg 500w, http:\/\/www.jcssterraplanagenslda.pt\/wp-content\/uploads\/2013\/05\/Associacao-Nacional-de-Farmacias-Zona-Industrial-Porto-JCSS049.jpg 1280w\" sizes=\"auto, (max-width: 300px) 100vw, 300px\" \/><\/a>\n\t\t\t<\/div><\/figure><figure class='gallery-item'>\n\t\t\t<div class='gallery-icon landscape'>\n\t\t\t\t<a href='http:\/\/www.jcssterraplanagenslda.pt\/wp-content\/uploads\/2013\/05\/Associacao-Nacional-de-Farmacias-Zona-Industrial-Porto-JCSS040.jpg'><img loading=\"lazy\" decoding=\"async\" width=\"300\" height=\"225\" src=\"http:\/\/www.jcssterraplanagenslda.pt\/wp-content\/uploads\/2013\/05\/Associacao-Nacional-de-Farmacias-Zona-Industrial-Porto-JCSS040-300x225.jpg\" class=\"attachment-medium size-medium\" alt=\"\" srcset=\"http:\/\/www.jcssterraplanagenslda.pt\/wp-content\/uploads\/2013\/05\/Associacao-Nacional-de-Farmacias-Zona-Industrial-Porto-JCSS040-300x225.jpg 300w, http:\/\/www.jcssterraplanagenslda.pt\/wp-content\/uploads\/2013\/05\/Associacao-Nacional-de-Farmacias-Zona-Industrial-Porto-JCSS040-1024x768.jpg 1024w, http:\/\/www.jcssterraplanagenslda.pt\/wp-content\/uploads\/2013\/05\/Associacao-Nacional-de-Farmacias-Zona-Industrial-Porto-JCSS040-500x375.jpg 500w, http:\/\/www.jcssterraplanagenslda.pt\/wp-content\/uploads\/2013\/05\/Associacao-Nacional-de-Farmacias-Zona-Industrial-Porto-JCSS040.jpg 1280w\" sizes=\"auto, (max-width: 300px) 100vw, 300px\" \/><\/a>\n\t\t\t<\/div><\/figure><figure class='gallery-item'>\n\t\t\t<div class='gallery-icon landscape'>\n\t\t\t\t<a href='http:\/\/www.jcssterraplanagenslda.pt\/wp-content\/uploads\/2013\/05\/Associacao-Nacional-de-Farmacias-Zona-Industrial-Porto-JCSS042.jpg'><img loading=\"lazy\" decoding=\"async\" width=\"300\" height=\"225\" src=\"http:\/\/www.jcssterraplanagenslda.pt\/wp-content\/uploads\/2013\/05\/Associacao-Nacional-de-Farmacias-Zona-Industrial-Porto-JCSS042-300x225.jpg\" class=\"attachment-medium size-medium\" alt=\"\" srcset=\"http:\/\/www.jcssterraplanagenslda.pt\/wp-content\/uploads\/2013\/05\/Associacao-Nacional-de-Farmacias-Zona-Industrial-Porto-JCSS042-300x225.jpg 300w, http:\/\/www.jcssterraplanagenslda.pt\/wp-content\/uploads\/2013\/05\/Associacao-Nacional-de-Farmacias-Zona-Industrial-Porto-JCSS042-1024x768.jpg 1024w, http:\/\/www.jcssterraplanagenslda.pt\/wp-content\/uploads\/2013\/05\/Associacao-Nacional-de-Farmacias-Zona-Industrial-Porto-JCSS042-500x375.jpg 500w, http:\/\/www.jcssterraplanagenslda.pt\/wp-content\/uploads\/2013\/05\/Associacao-Nacional-de-Farmacias-Zona-Industrial-Porto-JCSS042.jpg 1280w\" sizes=\"auto, (max-width: 300px) 100vw, 300px\" \/><\/a>\n\t\t\t<\/div><\/figure><figure class='gallery-item'>\n\t\t\t<div class='gallery-icon landscape'>\n\t\t\t\t<a href='http:\/\/www.jcssterraplanagenslda.pt\/wp-content\/uploads\/2013\/05\/Associacao-Nacional-de-Farmacias-Zona-Industrial-Porto-JCSS043.jpg'><img loading=\"lazy\" decoding=\"async\" width=\"300\" height=\"225\" src=\"http:\/\/www.jcssterraplanagenslda.pt\/wp-content\/uploads\/2013\/05\/Associacao-Nacional-de-Farmacias-Zona-Industrial-Porto-JCSS043-300x225.jpg\" class=\"attachment-medium size-medium\" alt=\"\" srcset=\"http:\/\/www.jcssterraplanagenslda.pt\/wp-content\/uploads\/2013\/05\/Associacao-Nacional-de-Farmacias-Zona-Industrial-Porto-JCSS043-300x225.jpg 300w, http:\/\/www.jcssterraplanagenslda.pt\/wp-content\/uploads\/2013\/05\/Associacao-Nacional-de-Farmacias-Zona-Industrial-Porto-JCSS043-1024x768.jpg 1024w, http:\/\/www.jcssterraplanagenslda.pt\/wp-content\/uploads\/2013\/05\/Associacao-Nacional-de-Farmacias-Zona-Industrial-Porto-JCSS043-500x375.jpg 500w, http:\/\/www.jcssterraplanagenslda.pt\/wp-content\/uploads\/2013\/05\/Associacao-Nacional-de-Farmacias-Zona-Industrial-Porto-JCSS043.jpg 1280w\" sizes=\"auto, (max-width: 300px) 100vw, 300px\" \/><\/a>\n\t\t\t<\/div><\/figure><figure class='gallery-item'>\n\t\t\t<div class='gallery-icon landscape'>\n\t\t\t\t<a href='http:\/\/www.jcssterraplanagenslda.pt\/wp-content\/uploads\/2013\/05\/Associacao-Nacional-de-Farmacias-Zona-Industrial-Porto-JCSS044.jpg'><img loading=\"lazy\" decoding=\"async\" width=\"300\" height=\"225\" src=\"http:\/\/www.jcssterraplanagenslda.pt\/wp-content\/uploads\/2013\/05\/Associacao-Nacional-de-Farmacias-Zona-Industrial-Porto-JCSS044-300x225.jpg\" class=\"attachment-medium size-medium\" alt=\"\" srcset=\"http:\/\/www.jcssterraplanagenslda.pt\/wp-content\/uploads\/2013\/05\/Associacao-Nacional-de-Farmacias-Zona-Industrial-Porto-JCSS044-300x225.jpg 300w, http:\/\/www.jcssterraplanagenslda.pt\/wp-content\/uploads\/2013\/05\/Associacao-Nacional-de-Farmacias-Zona-Industrial-Porto-JCSS044-1024x768.jpg 1024w, http:\/\/www.jcssterraplanagenslda.pt\/wp-content\/uploads\/2013\/05\/Associacao-Nacional-de-Farmacias-Zona-Industrial-Porto-JCSS044-500x375.jpg 500w, http:\/\/www.jcssterraplanagenslda.pt\/wp-content\/uploads\/2013\/05\/Associacao-Nacional-de-Farmacias-Zona-Industrial-Porto-JCSS044.jpg 1280w\" sizes=\"auto, (max-width: 300px) 100vw, 300px\" \/><\/a>\n\t\t\t<\/div><\/figure><figure class='gallery-item'>\n\t\t\t<div class='gallery-icon landscape'>\n\t\t\t\t<a href='http:\/\/www.jcssterraplanagenslda.pt\/wp-content\/uploads\/2013\/05\/Associacao-Nacional-de-Farmacias-Zona-Industrial-Porto-JCSS045.jpg'><img loading=\"lazy\" decoding=\"async\" width=\"300\" height=\"225\" src=\"http:\/\/www.jcssterraplanagenslda.pt\/wp-content\/uploads\/2013\/05\/Associacao-Nacional-de-Farmacias-Zona-Industrial-Porto-JCSS045-300x225.jpg\" class=\"attachment-medium size-medium\" alt=\"\" srcset=\"http:\/\/www.jcssterraplanagenslda.pt\/wp-content\/uploads\/2013\/05\/Associacao-Nacional-de-Farmacias-Zona-Industrial-Porto-JCSS045-300x225.jpg 300w, http:\/\/www.jcssterraplanagenslda.pt\/wp-content\/uploads\/2013\/05\/Associacao-Nacional-de-Farmacias-Zona-Industrial-Porto-JCSS045-1024x768.jpg 1024w, http:\/\/www.jcssterraplanagenslda.pt\/wp-content\/uploads\/2013\/05\/Associacao-Nacional-de-Farmacias-Zona-Industrial-Porto-JCSS045-500x375.jpg 500w, http:\/\/www.jcssterraplanagenslda.pt\/wp-content\/uploads\/2013\/05\/Associacao-Nacional-de-Farmacias-Zona-Industrial-Porto-JCSS045.jpg 1280w\" sizes=\"auto, (max-width: 300px) 100vw, 300px\" \/><\/a>\n\t\t\t<\/div><\/figure><figure class='gallery-item'>\n\t\t\t<div class='gallery-icon landscape'>\n\t\t\t\t<a href='http:\/\/www.jcssterraplanagenslda.pt\/wp-content\/uploads\/2013\/05\/Associacao-Nacional-de-Farmacias-Zona-Industrial-Porto-JCSS046.jpg'><img loading=\"lazy\" decoding=\"async\" width=\"300\" height=\"225\" src=\"http:\/\/www.jcssterraplanagenslda.pt\/wp-content\/uploads\/2013\/05\/Associacao-Nacional-de-Farmacias-Zona-Industrial-Porto-JCSS046-300x225.jpg\" class=\"attachment-medium size-medium\" alt=\"\" srcset=\"http:\/\/www.jcssterraplanagenslda.pt\/wp-content\/uploads\/2013\/05\/Associacao-Nacional-de-Farmacias-Zona-Industrial-Porto-JCSS046-300x225.jpg 300w, http:\/\/www.jcssterraplanagenslda.pt\/wp-content\/uploads\/2013\/05\/Associacao-Nacional-de-Farmacias-Zona-Industrial-Porto-JCSS046-1024x768.jpg 1024w, http:\/\/www.jcssterraplanagenslda.pt\/wp-content\/uploads\/2013\/05\/Associacao-Nacional-de-Farmacias-Zona-Industrial-Porto-JCSS046-500x375.jpg 500w, http:\/\/www.jcssterraplanagenslda.pt\/wp-content\/uploads\/2013\/05\/Associacao-Nacional-de-Farmacias-Zona-Industrial-Porto-JCSS046.jpg 1280w\" sizes=\"auto, (max-width: 300px) 100vw, 300px\" \/><\/a>\n\t\t\t<\/div><\/figure><figure class='gallery-item'>\n\t\t\t<div class='gallery-icon landscape'>\n\t\t\t\t<a href='http:\/\/www.jcssterraplanagenslda.pt\/wp-content\/uploads\/2013\/05\/Associacao-Nacional-de-Farmacias-Zona-Industrial-Porto-JCSS047.jpg'><img loading=\"lazy\" decoding=\"async\" width=\"300\" height=\"225\" src=\"http:\/\/www.jcssterraplanagenslda.pt\/wp-content\/uploads\/2013\/05\/Associacao-Nacional-de-Farmacias-Zona-Industrial-Porto-JCSS047-300x225.jpg\" class=\"attachment-medium size-medium\" alt=\"\" srcset=\"http:\/\/www.jcssterraplanagenslda.pt\/wp-content\/uploads\/2013\/05\/Associacao-Nacional-de-Farmacias-Zona-Industrial-Porto-JCSS047-300x225.jpg 300w, http:\/\/www.jcssterraplanagenslda.pt\/wp-content\/uploads\/2013\/05\/Associacao-Nacional-de-Farmacias-Zona-Industrial-Porto-JCSS047-1024x768.jpg 1024w, http:\/\/www.jcssterraplanagenslda.pt\/wp-content\/uploads\/2013\/05\/Associacao-Nacional-de-Farmacias-Zona-Industrial-Porto-JCSS047-500x375.jpg 500w, http:\/\/www.jcssterraplanagenslda.pt\/wp-content\/uploads\/2013\/05\/Associacao-Nacional-de-Farmacias-Zona-Industrial-Porto-JCSS047.jpg 1280w\" sizes=\"auto, (max-width: 300px) 100vw, 300px\" \/><\/a>\n\t\t\t<\/div><\/figure><figure class='gallery-item'>\n\t\t\t<div class='gallery-icon landscape'>\n\t\t\t\t<a href='http:\/\/www.jcssterraplanagenslda.pt\/wp-content\/uploads\/2013\/05\/Associacao-Nacional-de-Farmacias-Zona-Industrial-Porto-JCSS048.jpg'><img loading=\"lazy\" decoding=\"async\" width=\"300\" height=\"225\" src=\"http:\/\/www.jcssterraplanagenslda.pt\/wp-content\/uploads\/2013\/05\/Associacao-Nacional-de-Farmacias-Zona-Industrial-Porto-JCSS048-300x225.jpg\" class=\"attachment-medium size-medium\" alt=\"\" srcset=\"http:\/\/www.jcssterraplanagenslda.pt\/wp-content\/uploads\/2013\/05\/Associacao-Nacional-de-Farmacias-Zona-Industrial-Porto-JCSS048-300x225.jpg 300w, http:\/\/www.jcssterraplanagenslda.pt\/wp-content\/uploads\/2013\/05\/Associacao-Nacional-de-Farmacias-Zona-Industrial-Porto-JCSS048-1024x768.jpg 1024w, http:\/\/www.jcssterraplanagenslda.pt\/wp-content\/uploads\/2013\/05\/Associacao-Nacional-de-Farmacias-Zona-Industrial-Porto-JCSS048-500x375.jpg 500w, http:\/\/www.jcssterraplanagenslda.pt\/wp-content\/uploads\/2013\/05\/Associacao-Nacional-de-Farmacias-Zona-Industrial-Porto-JCSS048.jpg 1280w\" sizes=\"auto, (max-width: 300px) 100vw, 300px\" \/><\/a>\n\t\t\t<\/div><\/figure><figure class='gallery-item'>\n\t\t\t<div class='gallery-icon landscape'>\n\t\t\t\t<a href='http:\/\/www.jcssterraplanagenslda.pt\/wp-content\/uploads\/2013\/05\/Associacao-Nacional-de-Farmacias-Zona-Industrial-Porto-JCSS039.jpg'><img loading=\"lazy\" decoding=\"async\" width=\"300\" height=\"225\" src=\"http:\/\/www.jcssterraplanagenslda.pt\/wp-content\/uploads\/2013\/05\/Associacao-Nacional-de-Farmacias-Zona-Industrial-Porto-JCSS039-300x225.jpg\" class=\"attachment-medium size-medium\" alt=\"\" srcset=\"http:\/\/www.jcssterraplanagenslda.pt\/wp-content\/uploads\/2013\/05\/Associacao-Nacional-de-Farmacias-Zona-Industrial-Porto-JCSS039-300x225.jpg 300w, http:\/\/www.jcssterraplanagenslda.pt\/wp-content\/uploads\/2013\/05\/Associacao-Nacional-de-Farmacias-Zona-Industrial-Porto-JCSS039-1024x768.jpg 1024w, http:\/\/www.jcssterraplanagenslda.pt\/wp-content\/uploads\/2013\/05\/Associacao-Nacional-de-Farmacias-Zona-Industrial-Porto-JCSS039-500x375.jpg 500w, http:\/\/www.jcssterraplanagenslda.pt\/wp-content\/uploads\/2013\/05\/Associacao-Nacional-de-Farmacias-Zona-Industrial-Porto-JCSS039.jpg 1280w\" sizes=\"auto, (max-width: 300px) 100vw, 300px\" \/><\/a>\n\t\t\t<\/div><\/figure><figure class='gallery-item'>\n\t\t\t<div class='gallery-icon landscape'>\n\t\t\t\t<a href='http:\/\/www.jcssterraplanagenslda.pt\/wp-content\/uploads\/2013\/05\/Associacao-Nacional-de-Farmacias-Zona-Industrial-Porto-JCSS037.jpg'><img loading=\"lazy\" decoding=\"async\" width=\"300\" height=\"225\" src=\"http:\/\/www.jcssterraplanagenslda.pt\/wp-content\/uploads\/2013\/05\/Associacao-Nacional-de-Farmacias-Zona-Industrial-Porto-JCSS037-300x225.jpg\" class=\"attachment-medium size-medium\" alt=\"\" srcset=\"http:\/\/www.jcssterraplanagenslda.pt\/wp-content\/uploads\/2013\/05\/Associacao-Nacional-de-Farmacias-Zona-Industrial-Porto-JCSS037-300x225.jpg 300w, http:\/\/www.jcssterraplanagenslda.pt\/wp-content\/uploads\/2013\/05\/Associacao-Nacional-de-Farmacias-Zona-Industrial-Porto-JCSS037-1024x768.jpg 1024w, http:\/\/www.jcssterraplanagenslda.pt\/wp-content\/uploads\/2013\/05\/Associacao-Nacional-de-Farmacias-Zona-Industrial-Porto-JCSS037-500x375.jpg 500w, http:\/\/www.jcssterraplanagenslda.pt\/wp-content\/uploads\/2013\/05\/Associacao-Nacional-de-Farmacias-Zona-Industrial-Porto-JCSS037.jpg 1280w\" sizes=\"auto, (max-width: 300px) 100vw, 300px\" \/><\/a>\n\t\t\t<\/div><\/figure><figure class='gallery-item'>\n\t\t\t<div class='gallery-icon portrait'>\n\t\t\t\t<a href='http:\/\/www.jcssterraplanagenslda.pt\/wp-content\/uploads\/2013\/05\/Associacao-Nacional-de-Farmacias-Zona-Industrial-Porto-JCSS036.jpg'><img loading=\"lazy\" decoding=\"async\" width=\"225\" height=\"300\" src=\"http:\/\/www.jcssterraplanagenslda.pt\/wp-content\/uploads\/2013\/05\/Associacao-Nacional-de-Farmacias-Zona-Industrial-Porto-JCSS036-225x300.jpg\" class=\"attachment-medium size-medium\" alt=\"\" srcset=\"http:\/\/www.jcssterraplanagenslda.pt\/wp-content\/uploads\/2013\/05\/Associacao-Nacional-de-Farmacias-Zona-Industrial-Porto-JCSS036-225x300.jpg 225w, http:\/\/www.jcssterraplanagenslda.pt\/wp-content\/uploads\/2013\/05\/Associacao-Nacional-de-Farmacias-Zona-Industrial-Porto-JCSS036-768x1024.jpg 768w, http:\/\/www.jcssterraplanagenslda.pt\/wp-content\/uploads\/2013\/05\/Associacao-Nacional-de-Farmacias-Zona-Industrial-Porto-JCSS036-500x667.jpg 500w, http:\/\/www.jcssterraplanagenslda.pt\/wp-content\/uploads\/2013\/05\/Associacao-Nacional-de-Farmacias-Zona-Industrial-Porto-JCSS036.jpg 1280w\" sizes=\"auto, (max-width: 225px) 100vw, 225px\" \/><\/a>\n\t\t\t<\/div><\/figure><figure class='gallery-item'>\n\t\t\t<div class='gallery-icon landscape'>\n\t\t\t\t<a href='http:\/\/www.jcssterraplanagenslda.pt\/wp-content\/uploads\/2013\/05\/Associacao-Nacional-de-Farmacias-Zona-Industrial-Porto-JCSS035.jpg'><img loading=\"lazy\" decoding=\"async\" width=\"300\" height=\"225\" src=\"http:\/\/www.jcssterraplanagenslda.pt\/wp-content\/uploads\/2013\/05\/Associacao-Nacional-de-Farmacias-Zona-Industrial-Porto-JCSS035-300x225.jpg\" class=\"attachment-medium size-medium\" alt=\"\" srcset=\"http:\/\/www.jcssterraplanagenslda.pt\/wp-content\/uploads\/2013\/05\/Associacao-Nacional-de-Farmacias-Zona-Industrial-Porto-JCSS035-300x225.jpg 300w, http:\/\/www.jcssterraplanagenslda.pt\/wp-content\/uploads\/2013\/05\/Associacao-Nacional-de-Farmacias-Zona-Industrial-Porto-JCSS035-1024x768.jpg 1024w, http:\/\/www.jcssterraplanagenslda.pt\/wp-content\/uploads\/2013\/05\/Associacao-Nacional-de-Farmacias-Zona-Industrial-Porto-JCSS035-500x375.jpg 500w, http:\/\/www.jcssterraplanagenslda.pt\/wp-content\/uploads\/2013\/05\/Associacao-Nacional-de-Farmacias-Zona-Industrial-Porto-JCSS035.jpg 1280w\" sizes=\"auto, (max-width: 300px) 100vw, 300px\" \/><\/a>\n\t\t\t<\/div><\/figure><figure class='gallery-item'>\n\t\t\t<div class='gallery-icon landscape'>\n\t\t\t\t<a href='http:\/\/www.jcssterraplanagenslda.pt\/wp-content\/uploads\/2013\/05\/Associacao-Nacional-de-Farmacias-Zona-Industrial-Porto-JCSS034.jpg'><img loading=\"lazy\" decoding=\"async\" width=\"300\" height=\"225\" src=\"http:\/\/www.jcssterraplanagenslda.pt\/wp-content\/uploads\/2013\/05\/Associacao-Nacional-de-Farmacias-Zona-Industrial-Porto-JCSS034-300x225.jpg\" class=\"attachment-medium size-medium\" alt=\"\" srcset=\"http:\/\/www.jcssterraplanagenslda.pt\/wp-content\/uploads\/2013\/05\/Associacao-Nacional-de-Farmacias-Zona-Industrial-Porto-JCSS034-300x225.jpg 300w, http:\/\/www.jcssterraplanagenslda.pt\/wp-content\/uploads\/2013\/05\/Associacao-Nacional-de-Farmacias-Zona-Industrial-Porto-JCSS034-1024x768.jpg 1024w, http:\/\/www.jcssterraplanagenslda.pt\/wp-content\/uploads\/2013\/05\/Associacao-Nacional-de-Farmacias-Zona-Industrial-Porto-JCSS034-500x375.jpg 500w, http:\/\/www.jcssterraplanagenslda.pt\/wp-content\/uploads\/2013\/05\/Associacao-Nacional-de-Farmacias-Zona-Industrial-Porto-JCSS034.jpg 1280w\" sizes=\"auto, (max-width: 300px) 100vw, 300px\" \/><\/a>\n\t\t\t<\/div><\/figure><figure class='gallery-item'>\n\t\t\t<div class='gallery-icon landscape'>\n\t\t\t\t<a href='http:\/\/www.jcssterraplanagenslda.pt\/wp-content\/uploads\/2013\/05\/Associacao-Nacional-de-Farmacias-Zona-Industrial-Porto-JCSS033.jpg'><img loading=\"lazy\" decoding=\"async\" width=\"300\" height=\"225\" src=\"http:\/\/www.jcssterraplanagenslda.pt\/wp-content\/uploads\/2013\/05\/Associacao-Nacional-de-Farmacias-Zona-Industrial-Porto-JCSS033-300x225.jpg\" class=\"attachment-medium size-medium\" alt=\"\" srcset=\"http:\/\/www.jcssterraplanagenslda.pt\/wp-content\/uploads\/2013\/05\/Associacao-Nacional-de-Farmacias-Zona-Industrial-Porto-JCSS033-300x225.jpg 300w, http:\/\/www.jcssterraplanagenslda.pt\/wp-content\/uploads\/2013\/05\/Associacao-Nacional-de-Farmacias-Zona-Industrial-Porto-JCSS033-1024x768.jpg 1024w, http:\/\/www.jcssterraplanagenslda.pt\/wp-content\/uploads\/2013\/05\/Associacao-Nacional-de-Farmacias-Zona-Industrial-Porto-JCSS033-500x375.jpg 500w, http:\/\/www.jcssterraplanagenslda.pt\/wp-content\/uploads\/2013\/05\/Associacao-Nacional-de-Farmacias-Zona-Industrial-Porto-JCSS033.jpg 1280w\" sizes=\"auto, (max-width: 300px) 100vw, 300px\" \/><\/a>\n\t\t\t<\/div><\/figure><figure class='gallery-item'>\n\t\t\t<div class='gallery-icon landscape'>\n\t\t\t\t<a href='http:\/\/www.jcssterraplanagenslda.pt\/wp-content\/uploads\/2013\/05\/Associacao-Nacional-de-Farmacias-Zona-Industrial-Porto-JCSS032.jpg'><img loading=\"lazy\" decoding=\"async\" width=\"300\" height=\"225\" src=\"http:\/\/www.jcssterraplanagenslda.pt\/wp-content\/uploads\/2013\/05\/Associacao-Nacional-de-Farmacias-Zona-Industrial-Porto-JCSS032-300x225.jpg\" class=\"attachment-medium size-medium\" alt=\"\" srcset=\"http:\/\/www.jcssterraplanagenslda.pt\/wp-content\/uploads\/2013\/05\/Associacao-Nacional-de-Farmacias-Zona-Industrial-Porto-JCSS032-300x225.jpg 300w, http:\/\/www.jcssterraplanagenslda.pt\/wp-content\/uploads\/2013\/05\/Associacao-Nacional-de-Farmacias-Zona-Industrial-Porto-JCSS032-1024x768.jpg 1024w, http:\/\/www.jcssterraplanagenslda.pt\/wp-content\/uploads\/2013\/05\/Associacao-Nacional-de-Farmacias-Zona-Industrial-Porto-JCSS032-500x375.jpg 500w, http:\/\/www.jcssterraplanagenslda.pt\/wp-content\/uploads\/2013\/05\/Associacao-Nacional-de-Farmacias-Zona-Industrial-Porto-JCSS032.jpg 1280w\" sizes=\"auto, (max-width: 300px) 100vw, 300px\" \/><\/a>\n\t\t\t<\/div><\/figure><figure class='gallery-item'>\n\t\t\t<div class='gallery-icon landscape'>\n\t\t\t\t<a href='http:\/\/www.jcssterraplanagenslda.pt\/wp-content\/uploads\/2013\/05\/Associacao-Nacional-de-Farmacias-Zona-Industrial-Porto-JCSS031.jpg'><img loading=\"lazy\" decoding=\"async\" width=\"300\" height=\"225\" src=\"http:\/\/www.jcssterraplanagenslda.pt\/wp-content\/uploads\/2013\/05\/Associacao-Nacional-de-Farmacias-Zona-Industrial-Porto-JCSS031-300x225.jpg\" class=\"attachment-medium size-medium\" alt=\"\" srcset=\"http:\/\/www.jcssterraplanagenslda.pt\/wp-content\/uploads\/2013\/05\/Associacao-Nacional-de-Farmacias-Zona-Industrial-Porto-JCSS031-300x225.jpg 300w, http:\/\/www.jcssterraplanagenslda.pt\/wp-content\/uploads\/2013\/05\/Associacao-Nacional-de-Farmacias-Zona-Industrial-Porto-JCSS031-1024x768.jpg 1024w, http:\/\/www.jcssterraplanagenslda.pt\/wp-content\/uploads\/2013\/05\/Associacao-Nacional-de-Farmacias-Zona-Industrial-Porto-JCSS031-500x375.jpg 500w, http:\/\/www.jcssterraplanagenslda.pt\/wp-content\/uploads\/2013\/05\/Associacao-Nacional-de-Farmacias-Zona-Industrial-Porto-JCSS031.jpg 1280w\" sizes=\"auto, (max-width: 300px) 100vw, 300px\" \/><\/a>\n\t\t\t<\/div><\/figure><figure class='gallery-item'>\n\t\t\t<div class='gallery-icon landscape'>\n\t\t\t\t<a href='http:\/\/www.jcssterraplanagenslda.pt\/wp-content\/uploads\/2013\/05\/Associacao-Nacional-de-Farmacias-Zona-Industrial-Porto-JCSS022.jpg'><img loading=\"lazy\" decoding=\"async\" width=\"300\" height=\"225\" src=\"http:\/\/www.jcssterraplanagenslda.pt\/wp-content\/uploads\/2013\/05\/Associacao-Nacional-de-Farmacias-Zona-Industrial-Porto-JCSS022-300x225.jpg\" class=\"attachment-medium size-medium\" alt=\"\" srcset=\"http:\/\/www.jcssterraplanagenslda.pt\/wp-content\/uploads\/2013\/05\/Associacao-Nacional-de-Farmacias-Zona-Industrial-Porto-JCSS022-300x225.jpg 300w, http:\/\/www.jcssterraplanagenslda.pt\/wp-content\/uploads\/2013\/05\/Associacao-Nacional-de-Farmacias-Zona-Industrial-Porto-JCSS022-1024x768.jpg 1024w, http:\/\/www.jcssterraplanagenslda.pt\/wp-content\/uploads\/2013\/05\/Associacao-Nacional-de-Farmacias-Zona-Industrial-Porto-JCSS022-500x375.jpg 500w, http:\/\/www.jcssterraplanagenslda.pt\/wp-content\/uploads\/2013\/05\/Associacao-Nacional-de-Farmacias-Zona-Industrial-Porto-JCSS022.jpg 1280w\" sizes=\"auto, (max-width: 300px) 100vw, 300px\" \/><\/a>\n\t\t\t<\/div><\/figure><figure class='gallery-item'>\n\t\t\t<div class='gallery-icon landscape'>\n\t\t\t\t<a href='http:\/\/www.jcssterraplanagenslda.pt\/wp-content\/uploads\/2013\/05\/Associacao-Nacional-de-Farmacias-Zona-Industrial-Porto-JCSS024.jpg'><img loading=\"lazy\" decoding=\"async\" width=\"300\" height=\"225\" src=\"http:\/\/www.jcssterraplanagenslda.pt\/wp-content\/uploads\/2013\/05\/Associacao-Nacional-de-Farmacias-Zona-Industrial-Porto-JCSS024-300x225.jpg\" class=\"attachment-medium size-medium\" alt=\"\" srcset=\"http:\/\/www.jcssterraplanagenslda.pt\/wp-content\/uploads\/2013\/05\/Associacao-Nacional-de-Farmacias-Zona-Industrial-Porto-JCSS024-300x225.jpg 300w, http:\/\/www.jcssterraplanagenslda.pt\/wp-content\/uploads\/2013\/05\/Associacao-Nacional-de-Farmacias-Zona-Industrial-Porto-JCSS024-1024x768.jpg 1024w, http:\/\/www.jcssterraplanagenslda.pt\/wp-content\/uploads\/2013\/05\/Associacao-Nacional-de-Farmacias-Zona-Industrial-Porto-JCSS024-500x375.jpg 500w, http:\/\/www.jcssterraplanagenslda.pt\/wp-content\/uploads\/2013\/05\/Associacao-Nacional-de-Farmacias-Zona-Industrial-Porto-JCSS024.jpg 1280w\" sizes=\"auto, (max-width: 300px) 100vw, 300px\" \/><\/a>\n\t\t\t<\/div><\/figure><figure class='gallery-item'>\n\t\t\t<div class='gallery-icon landscape'>\n\t\t\t\t<a href='http:\/\/www.jcssterraplanagenslda.pt\/wp-content\/uploads\/2013\/05\/Associacao-Nacional-de-Farmacias-Zona-Industrial-Porto-JCSS025.jpg'><img loading=\"lazy\" decoding=\"async\" width=\"300\" height=\"225\" src=\"http:\/\/www.jcssterraplanagenslda.pt\/wp-content\/uploads\/2013\/05\/Associacao-Nacional-de-Farmacias-Zona-Industrial-Porto-JCSS025-300x225.jpg\" class=\"attachment-medium size-medium\" alt=\"\" srcset=\"http:\/\/www.jcssterraplanagenslda.pt\/wp-content\/uploads\/2013\/05\/Associacao-Nacional-de-Farmacias-Zona-Industrial-Porto-JCSS025-300x225.jpg 300w, http:\/\/www.jcssterraplanagenslda.pt\/wp-content\/uploads\/2013\/05\/Associacao-Nacional-de-Farmacias-Zona-Industrial-Porto-JCSS025-1024x768.jpg 1024w, http:\/\/www.jcssterraplanagenslda.pt\/wp-content\/uploads\/2013\/05\/Associacao-Nacional-de-Farmacias-Zona-Industrial-Porto-JCSS025-500x375.jpg 500w, http:\/\/www.jcssterraplanagenslda.pt\/wp-content\/uploads\/2013\/05\/Associacao-Nacional-de-Farmacias-Zona-Industrial-Porto-JCSS025.jpg 1280w\" sizes=\"auto, (max-width: 300px) 100vw, 300px\" \/><\/a>\n\t\t\t<\/div><\/figure><figure class='gallery-item'>\n\t\t\t<div class='gallery-icon landscape'>\n\t\t\t\t<a href='http:\/\/www.jcssterraplanagenslda.pt\/wp-content\/uploads\/2013\/05\/Associacao-Nacional-de-Farmacias-Zona-Industrial-Porto-JCSS026.jpg'><img loading=\"lazy\" decoding=\"async\" width=\"300\" height=\"225\" src=\"http:\/\/www.jcssterraplanagenslda.pt\/wp-content\/uploads\/2013\/05\/Associacao-Nacional-de-Farmacias-Zona-Industrial-Porto-JCSS026-300x225.jpg\" class=\"attachment-medium size-medium\" alt=\"\" srcset=\"http:\/\/www.jcssterraplanagenslda.pt\/wp-content\/uploads\/2013\/05\/Associacao-Nacional-de-Farmacias-Zona-Industrial-Porto-JCSS026-300x225.jpg 300w, http:\/\/www.jcssterraplanagenslda.pt\/wp-content\/uploads\/2013\/05\/Associacao-Nacional-de-Farmacias-Zona-Industrial-Porto-JCSS026-1024x768.jpg 1024w, http:\/\/www.jcssterraplanagenslda.pt\/wp-content\/uploads\/2013\/05\/Associacao-Nacional-de-Farmacias-Zona-Industrial-Porto-JCSS026-500x375.jpg 500w, http:\/\/www.jcssterraplanagenslda.pt\/wp-content\/uploads\/2013\/05\/Associacao-Nacional-de-Farmacias-Zona-Industrial-Porto-JCSS026.jpg 1280w\" sizes=\"auto, (max-width: 300px) 100vw, 300px\" \/><\/a>\n\t\t\t<\/div><\/figure><figure class='gallery-item'>\n\t\t\t<div class='gallery-icon landscape'>\n\t\t\t\t<a href='http:\/\/www.jcssterraplanagenslda.pt\/wp-content\/uploads\/2013\/05\/Associacao-Nacional-de-Farmacias-Zona-Industrial-Porto-JCSS028.jpg'><img loading=\"lazy\" decoding=\"async\" width=\"300\" height=\"225\" src=\"http:\/\/www.jcssterraplanagenslda.pt\/wp-content\/uploads\/2013\/05\/Associacao-Nacional-de-Farmacias-Zona-Industrial-Porto-JCSS028-300x225.jpg\" class=\"attachment-medium size-medium\" alt=\"\" srcset=\"http:\/\/www.jcssterraplanagenslda.pt\/wp-content\/uploads\/2013\/05\/Associacao-Nacional-de-Farmacias-Zona-Industrial-Porto-JCSS028-300x225.jpg 300w, http:\/\/www.jcssterraplanagenslda.pt\/wp-content\/uploads\/2013\/05\/Associacao-Nacional-de-Farmacias-Zona-Industrial-Porto-JCSS028-1024x768.jpg 1024w, http:\/\/www.jcssterraplanagenslda.pt\/wp-content\/uploads\/2013\/05\/Associacao-Nacional-de-Farmacias-Zona-Industrial-Porto-JCSS028-500x375.jpg 500w, http:\/\/www.jcssterraplanagenslda.pt\/wp-content\/uploads\/2013\/05\/Associacao-Nacional-de-Farmacias-Zona-Industrial-Porto-JCSS028.jpg 1280w\" sizes=\"auto, (max-width: 300px) 100vw, 300px\" \/><\/a>\n\t\t\t<\/div><\/figure><figure class='gallery-item'>\n\t\t\t<div class='gallery-icon landscape'>\n\t\t\t\t<a href='http:\/\/www.jcssterraplanagenslda.pt\/wp-content\/uploads\/2013\/05\/Associacao-Nacional-de-Farmacias-Zona-Industrial-Porto-JCSS029.jpg'><img loading=\"lazy\" decoding=\"async\" width=\"300\" height=\"225\" src=\"http:\/\/www.jcssterraplanagenslda.pt\/wp-content\/uploads\/2013\/05\/Associacao-Nacional-de-Farmacias-Zona-Industrial-Porto-JCSS029-300x225.jpg\" class=\"attachment-medium size-medium\" alt=\"\" srcset=\"http:\/\/www.jcssterraplanagenslda.pt\/wp-content\/uploads\/2013\/05\/Associacao-Nacional-de-Farmacias-Zona-Industrial-Porto-JCSS029-300x225.jpg 300w, http:\/\/www.jcssterraplanagenslda.pt\/wp-content\/uploads\/2013\/05\/Associacao-Nacional-de-Farmacias-Zona-Industrial-Porto-JCSS029-1024x768.jpg 1024w, http:\/\/www.jcssterraplanagenslda.pt\/wp-content\/uploads\/2013\/05\/Associacao-Nacional-de-Farmacias-Zona-Industrial-Porto-JCSS029-500x375.jpg 500w, http:\/\/www.jcssterraplanagenslda.pt\/wp-content\/uploads\/2013\/05\/Associacao-Nacional-de-Farmacias-Zona-Industrial-Porto-JCSS029.jpg 1280w\" sizes=\"auto, (max-width: 300px) 100vw, 300px\" \/><\/a>\n\t\t\t<\/div><\/figure><figure class='gallery-item'>\n\t\t\t<div class='gallery-icon landscape'>\n\t\t\t\t<a href='http:\/\/www.jcssterraplanagenslda.pt\/wp-content\/uploads\/2013\/05\/Associacao-Nacional-de-Farmacias-Zona-Industrial-Porto-JCSS030.jpg'><img loading=\"lazy\" decoding=\"async\" width=\"300\" height=\"225\" src=\"http:\/\/www.jcssterraplanagenslda.pt\/wp-content\/uploads\/2013\/05\/Associacao-Nacional-de-Farmacias-Zona-Industrial-Porto-JCSS030-300x225.jpg\" class=\"attachment-medium size-medium\" alt=\"\" srcset=\"http:\/\/www.jcssterraplanagenslda.pt\/wp-content\/uploads\/2013\/05\/Associacao-Nacional-de-Farmacias-Zona-Industrial-Porto-JCSS030-300x225.jpg 300w, http:\/\/www.jcssterraplanagenslda.pt\/wp-content\/uploads\/2013\/05\/Associacao-Nacional-de-Farmacias-Zona-Industrial-Porto-JCSS030-1024x768.jpg 1024w, http:\/\/www.jcssterraplanagenslda.pt\/wp-content\/uploads\/2013\/05\/Associacao-Nacional-de-Farmacias-Zona-Industrial-Porto-JCSS030-500x375.jpg 500w, http:\/\/www.jcssterraplanagenslda.pt\/wp-content\/uploads\/2013\/05\/Associacao-Nacional-de-Farmacias-Zona-Industrial-Porto-JCSS030.jpg 1280w\" sizes=\"auto, (max-width: 300px) 100vw, 300px\" \/><\/a>\n\t\t\t<\/div><\/figure><figure class='gallery-item'>\n\t\t\t<div class='gallery-icon landscape'>\n\t\t\t\t<a href='http:\/\/www.jcssterraplanagenslda.pt\/wp-content\/uploads\/2013\/05\/Associacao-Nacional-de-Farmacias-Zona-Industrial-Porto-JCSS020.jpg'><img loading=\"lazy\" decoding=\"async\" width=\"300\" height=\"225\" src=\"http:\/\/www.jcssterraplanagenslda.pt\/wp-content\/uploads\/2013\/05\/Associacao-Nacional-de-Farmacias-Zona-Industrial-Porto-JCSS020-300x225.jpg\" class=\"attachment-medium size-medium\" alt=\"\" srcset=\"http:\/\/www.jcssterraplanagenslda.pt\/wp-content\/uploads\/2013\/05\/Associacao-Nacional-de-Farmacias-Zona-Industrial-Porto-JCSS020-300x225.jpg 300w, http:\/\/www.jcssterraplanagenslda.pt\/wp-content\/uploads\/2013\/05\/Associacao-Nacional-de-Farmacias-Zona-Industrial-Porto-JCSS020-1024x768.jpg 1024w, http:\/\/www.jcssterraplanagenslda.pt\/wp-content\/uploads\/2013\/05\/Associacao-Nacional-de-Farmacias-Zona-Industrial-Porto-JCSS020-500x375.jpg 500w, http:\/\/www.jcssterraplanagenslda.pt\/wp-content\/uploads\/2013\/05\/Associacao-Nacional-de-Farmacias-Zona-Industrial-Porto-JCSS020.jpg 1280w\" sizes=\"auto, (max-width: 300px) 100vw, 300px\" \/><\/a>\n\t\t\t<\/div><\/figure><figure class='gallery-item'>\n\t\t\t<div class='gallery-icon landscape'>\n\t\t\t\t<a href='http:\/\/www.jcssterraplanagenslda.pt\/wp-content\/uploads\/2013\/05\/Associacao-Nacional-de-Farmacias-Zona-Industrial-Porto-JCSS019.jpg'><img loading=\"lazy\" decoding=\"async\" width=\"300\" height=\"225\" src=\"http:\/\/www.jcssterraplanagenslda.pt\/wp-content\/uploads\/2013\/05\/Associacao-Nacional-de-Farmacias-Zona-Industrial-Porto-JCSS019-300x225.jpg\" class=\"attachment-medium size-medium\" alt=\"\" srcset=\"http:\/\/www.jcssterraplanagenslda.pt\/wp-content\/uploads\/2013\/05\/Associacao-Nacional-de-Farmacias-Zona-Industrial-Porto-JCSS019-300x225.jpg 300w, http:\/\/www.jcssterraplanagenslda.pt\/wp-content\/uploads\/2013\/05\/Associacao-Nacional-de-Farmacias-Zona-Industrial-Porto-JCSS019-1024x768.jpg 1024w, http:\/\/www.jcssterraplanagenslda.pt\/wp-content\/uploads\/2013\/05\/Associacao-Nacional-de-Farmacias-Zona-Industrial-Porto-JCSS019-500x375.jpg 500w, http:\/\/www.jcssterraplanagenslda.pt\/wp-content\/uploads\/2013\/05\/Associacao-Nacional-de-Farmacias-Zona-Industrial-Porto-JCSS019.jpg 1280w\" sizes=\"auto, (max-width: 300px) 100vw, 300px\" \/><\/a>\n\t\t\t<\/div><\/figure><figure class='gallery-item'>\n\t\t\t<div class='gallery-icon landscape'>\n\t\t\t\t<a href='http:\/\/www.jcssterraplanagenslda.pt\/wp-content\/uploads\/2013\/05\/Associacao-Nacional-de-Farmacias-Zona-Industrial-Porto-JCSS018.jpg'><img loading=\"lazy\" decoding=\"async\" width=\"300\" height=\"225\" src=\"http:\/\/www.jcssterraplanagenslda.pt\/wp-content\/uploads\/2013\/05\/Associacao-Nacional-de-Farmacias-Zona-Industrial-Porto-JCSS018-300x225.jpg\" class=\"attachment-medium size-medium\" alt=\"\" srcset=\"http:\/\/www.jcssterraplanagenslda.pt\/wp-content\/uploads\/2013\/05\/Associacao-Nacional-de-Farmacias-Zona-Industrial-Porto-JCSS018-300x225.jpg 300w, http:\/\/www.jcssterraplanagenslda.pt\/wp-content\/uploads\/2013\/05\/Associacao-Nacional-de-Farmacias-Zona-Industrial-Porto-JCSS018-1024x768.jpg 1024w, http:\/\/www.jcssterraplanagenslda.pt\/wp-content\/uploads\/2013\/05\/Associacao-Nacional-de-Farmacias-Zona-Industrial-Porto-JCSS018-500x375.jpg 500w, http:\/\/www.jcssterraplanagenslda.pt\/wp-content\/uploads\/2013\/05\/Associacao-Nacional-de-Farmacias-Zona-Industrial-Porto-JCSS018.jpg 1280w\" sizes=\"auto, (max-width: 300px) 100vw, 300px\" \/><\/a>\n\t\t\t<\/div><\/figure><figure class='gallery-item'>\n\t\t\t<div class='gallery-icon landscape'>\n\t\t\t\t<a href='http:\/\/www.jcssterraplanagenslda.pt\/wp-content\/uploads\/2013\/05\/Associacao-Nacional-de-Farmacias-Zona-Industrial-Porto-JCSS017.jpg'><img loading=\"lazy\" decoding=\"async\" width=\"300\" height=\"225\" src=\"http:\/\/www.jcssterraplanagenslda.pt\/wp-content\/uploads\/2013\/05\/Associacao-Nacional-de-Farmacias-Zona-Industrial-Porto-JCSS017-300x225.jpg\" class=\"attachment-medium size-medium\" alt=\"\" srcset=\"http:\/\/www.jcssterraplanagenslda.pt\/wp-content\/uploads\/2013\/05\/Associacao-Nacional-de-Farmacias-Zona-Industrial-Porto-JCSS017-300x225.jpg 300w, http:\/\/www.jcssterraplanagenslda.pt\/wp-content\/uploads\/2013\/05\/Associacao-Nacional-de-Farmacias-Zona-Industrial-Porto-JCSS017-1024x768.jpg 1024w, http:\/\/www.jcssterraplanagenslda.pt\/wp-content\/uploads\/2013\/05\/Associacao-Nacional-de-Farmacias-Zona-Industrial-Porto-JCSS017-500x375.jpg 500w, http:\/\/www.jcssterraplanagenslda.pt\/wp-content\/uploads\/2013\/05\/Associacao-Nacional-de-Farmacias-Zona-Industrial-Porto-JCSS017.jpg 1280w\" sizes=\"auto, (max-width: 300px) 100vw, 300px\" \/><\/a>\n\t\t\t<\/div><\/figure><figure class='gallery-item'>\n\t\t\t<div class='gallery-icon landscape'>\n\t\t\t\t<a href='http:\/\/www.jcssterraplanagenslda.pt\/wp-content\/uploads\/2013\/05\/Associacao-Nacional-de-Farmacias-Zona-Industrial-Porto-JCSS016.jpg'><img loading=\"lazy\" decoding=\"async\" width=\"300\" height=\"225\" src=\"http:\/\/www.jcssterraplanagenslda.pt\/wp-content\/uploads\/2013\/05\/Associacao-Nacional-de-Farmacias-Zona-Industrial-Porto-JCSS016-300x225.jpg\" class=\"attachment-medium size-medium\" alt=\"\" srcset=\"http:\/\/www.jcssterraplanagenslda.pt\/wp-content\/uploads\/2013\/05\/Associacao-Nacional-de-Farmacias-Zona-Industrial-Porto-JCSS016-300x225.jpg 300w, http:\/\/www.jcssterraplanagenslda.pt\/wp-content\/uploads\/2013\/05\/Associacao-Nacional-de-Farmacias-Zona-Industrial-Porto-JCSS016-1024x768.jpg 1024w, http:\/\/www.jcssterraplanagenslda.pt\/wp-content\/uploads\/2013\/05\/Associacao-Nacional-de-Farmacias-Zona-Industrial-Porto-JCSS016-500x375.jpg 500w, http:\/\/www.jcssterraplanagenslda.pt\/wp-content\/uploads\/2013\/05\/Associacao-Nacional-de-Farmacias-Zona-Industrial-Porto-JCSS016.jpg 1280w\" sizes=\"auto, (max-width: 300px) 100vw, 300px\" \/><\/a>\n\t\t\t<\/div><\/figure><figure class='gallery-item'>\n\t\t\t<div class='gallery-icon landscape'>\n\t\t\t\t<a href='http:\/\/www.jcssterraplanagenslda.pt\/wp-content\/uploads\/2013\/05\/Associacao-Nacional-de-Farmacias-Zona-Industrial-Porto-JCSS015.jpg'><img loading=\"lazy\" decoding=\"async\" width=\"300\" height=\"225\" src=\"http:\/\/www.jcssterraplanagenslda.pt\/wp-content\/uploads\/2013\/05\/Associacao-Nacional-de-Farmacias-Zona-Industrial-Porto-JCSS015-300x225.jpg\" class=\"attachment-medium size-medium\" alt=\"\" srcset=\"http:\/\/www.jcssterraplanagenslda.pt\/wp-content\/uploads\/2013\/05\/Associacao-Nacional-de-Farmacias-Zona-Industrial-Porto-JCSS015-300x225.jpg 300w, http:\/\/www.jcssterraplanagenslda.pt\/wp-content\/uploads\/2013\/05\/Associacao-Nacional-de-Farmacias-Zona-Industrial-Porto-JCSS015-1024x768.jpg 1024w, http:\/\/www.jcssterraplanagenslda.pt\/wp-content\/uploads\/2013\/05\/Associacao-Nacional-de-Farmacias-Zona-Industrial-Porto-JCSS015-500x375.jpg 500w, http:\/\/www.jcssterraplanagenslda.pt\/wp-content\/uploads\/2013\/05\/Associacao-Nacional-de-Farmacias-Zona-Industrial-Porto-JCSS015.jpg 1280w\" sizes=\"auto, (max-width: 300px) 100vw, 300px\" \/><\/a>\n\t\t\t<\/div><\/figure><figure class='gallery-item'>\n\t\t\t<div class='gallery-icon landscape'>\n\t\t\t\t<a href='http:\/\/www.jcssterraplanagenslda.pt\/wp-content\/uploads\/2013\/05\/Associacao-Nacional-de-Farmacias-Zona-Industrial-Porto-JCSS014.jpg'><img loading=\"lazy\" decoding=\"async\" width=\"300\" height=\"225\" src=\"http:\/\/www.jcssterraplanagenslda.pt\/wp-content\/uploads\/2013\/05\/Associacao-Nacional-de-Farmacias-Zona-Industrial-Porto-JCSS014-300x225.jpg\" class=\"attachment-medium size-medium\" alt=\"\" srcset=\"http:\/\/www.jcssterraplanagenslda.pt\/wp-content\/uploads\/2013\/05\/Associacao-Nacional-de-Farmacias-Zona-Industrial-Porto-JCSS014-300x225.jpg 300w, http:\/\/www.jcssterraplanagenslda.pt\/wp-content\/uploads\/2013\/05\/Associacao-Nacional-de-Farmacias-Zona-Industrial-Porto-JCSS014-1024x768.jpg 1024w, http:\/\/www.jcssterraplanagenslda.pt\/wp-content\/uploads\/2013\/05\/Associacao-Nacional-de-Farmacias-Zona-Industrial-Porto-JCSS014-500x375.jpg 500w, http:\/\/www.jcssterraplanagenslda.pt\/wp-content\/uploads\/2013\/05\/Associacao-Nacional-de-Farmacias-Zona-Industrial-Porto-JCSS014.jpg 1280w\" sizes=\"auto, (max-width: 300px) 100vw, 300px\" \/><\/a>\n\t\t\t<\/div><\/figure><figure class='gallery-item'>\n\t\t\t<div class='gallery-icon landscape'>\n\t\t\t\t<a href='http:\/\/www.jcssterraplanagenslda.pt\/wp-content\/uploads\/2013\/05\/Associacao-Nacional-de-Farmacias-Zona-Industrial-Porto-JCSS012.jpg'><img loading=\"lazy\" decoding=\"async\" width=\"300\" height=\"225\" src=\"http:\/\/www.jcssterraplanagenslda.pt\/wp-content\/uploads\/2013\/05\/Associacao-Nacional-de-Farmacias-Zona-Industrial-Porto-JCSS012-300x225.jpg\" class=\"attachment-medium size-medium\" alt=\"\" srcset=\"http:\/\/www.jcssterraplanagenslda.pt\/wp-content\/uploads\/2013\/05\/Associacao-Nacional-de-Farmacias-Zona-Industrial-Porto-JCSS012-300x225.jpg 300w, http:\/\/www.jcssterraplanagenslda.pt\/wp-content\/uploads\/2013\/05\/Associacao-Nacional-de-Farmacias-Zona-Industrial-Porto-JCSS012-1024x768.jpg 1024w, http:\/\/www.jcssterraplanagenslda.pt\/wp-content\/uploads\/2013\/05\/Associacao-Nacional-de-Farmacias-Zona-Industrial-Porto-JCSS012-500x375.jpg 500w, http:\/\/www.jcssterraplanagenslda.pt\/wp-content\/uploads\/2013\/05\/Associacao-Nacional-de-Farmacias-Zona-Industrial-Porto-JCSS012.jpg 1280w\" sizes=\"auto, (max-width: 300px) 100vw, 300px\" \/><\/a>\n\t\t\t<\/div><\/figure>\n\t\t<\/div>\n\n","protected":false},"excerpt":{"rendered":"","protected":false},"author":1,"featured_media":1356,"comment_status":"closed","ping_status":"closed","sticky":false,"template":"","format":"standard","meta":{"footnotes":""},"categories":[4],"tags":[],"class_list":["post-425","post","type-post","status-publish","format-standard","has-post-thumbnail","hentry","category-escavacao"],"aioseo_notices":[],"_links":{"self":[{"href":"http:\/\/www.jcssterraplanagenslda.pt\/index.php?rest_route=\/wp\/v2\/posts\/425","targetHints":{"allow":["GET"]}}],"collection":[{"href":"http:\/\/www.jcssterraplanagenslda.pt\/index.php?rest_route=\/wp\/v2\/posts"}],"about":[{"href":"http:\/\/www.jcssterraplanagenslda.pt\/index.php?rest_route=\/wp\/v2\/types\/post"}],"author":[{"embeddable":true,"href":"http:\/\/www.jcssterraplanagenslda.pt\/index.php?rest_route=\/wp\/v2\/users\/1"}],"replies":[{"embeddable":true,"href":"http:\/\/www.jcssterraplanagenslda.pt\/index.php?rest_route=%2Fwp%2Fv2%2Fcomments&post=425"}],"version-history":[{"count":5,"href":"http:\/\/www.jcssterraplanagenslda.pt\/index.php?rest_route=\/wp\/v2\/posts\/425\/revisions"}],"predecessor-version":[{"id":1391,"href":"http:\/\/www.jcssterraplanagenslda.pt\/index.php?rest_route=\/wp\/v2\/posts\/425\/revisions\/1391"}],"wp:featuredmedia":[{"embeddable":true,"href":"http:\/\/www.jcssterraplanagenslda.pt\/index.php?rest_route=\/wp\/v2\/media\/1356"}],"wp:attachment":[{"href":"http:\/\/www.jcssterraplanagenslda.pt\/index.php?rest_route=%2Fwp%2Fv2%2Fmedia&parent=425"}],"wp:term":[{"taxonomy":"category","embeddable":true,"href":"http:\/\/www.jcssterraplanagenslda.pt\/index.php?rest_route=%2Fwp%2Fv2%2Fcategories&post=425"},{"taxonomy":"post_tag","embeddable":true,"href":"http:\/\/www.jcssterraplanagenslda.pt\/index.php?rest_route=%2Fwp%2Fv2%2Ftags&post=425"}],"curies":[{"name":"wp","href":"https:\/\/api.w.org\/{rel}","templated":true}]}}