{"id":2300,"date":"2016-03-23T00:00:29","date_gmt":"2016-03-22T23:00:29","guid":{"rendered":"http:\/\/www.jcssterraplanagenslda.pt\/?p=2300"},"modified":"2016-03-23T17:49:55","modified_gmt":"2016-03-23T16:49:55","slug":"ampliacao-das-instalacoes-centro-social-padre-jose-coelho","status":"publish","type":"post","link":"http:\/\/www.jcssterraplanagenslda.pt\/?p=2300","title":{"rendered":"Amplia\u00e7\u00e3o das Instala\u00e7\u00f5es &#8211; Centro Social Padre Jos\u00e9 Coelho"},"content":{"rendered":"<div id='gallery-1' class='gallery galleryid-2300 gallery-columns-3 gallery-size-medium'><figure class='gallery-item'>\n\t\t\t<div class='gallery-icon landscape'>\n\t\t\t\t<a href='http:\/\/www.jcssterraplanagenslda.pt\/wp-content\/uploads\/2016\/03\/Ampliacao-das-Instalacoes-Centro-Social-Padre-Jose-Coelho_00001.jpg'><img loading=\"lazy\" decoding=\"async\" width=\"300\" height=\"225\" src=\"http:\/\/www.jcssterraplanagenslda.pt\/wp-content\/uploads\/2016\/03\/Ampliacao-das-Instalacoes-Centro-Social-Padre-Jose-Coelho_00001-300x225.jpg\" class=\"attachment-medium size-medium\" alt=\"\" srcset=\"http:\/\/www.jcssterraplanagenslda.pt\/wp-content\/uploads\/2016\/03\/Ampliacao-das-Instalacoes-Centro-Social-Padre-Jose-Coelho_00001-300x225.jpg 300w, http:\/\/www.jcssterraplanagenslda.pt\/wp-content\/uploads\/2016\/03\/Ampliacao-das-Instalacoes-Centro-Social-Padre-Jose-Coelho_00001-768x576.jpg 768w, http:\/\/www.jcssterraplanagenslda.pt\/wp-content\/uploads\/2016\/03\/Ampliacao-das-Instalacoes-Centro-Social-Padre-Jose-Coelho_00001-500x375.jpg 500w, http:\/\/www.jcssterraplanagenslda.pt\/wp-content\/uploads\/2016\/03\/Ampliacao-das-Instalacoes-Centro-Social-Padre-Jose-Coelho_00001.jpg 960w\" sizes=\"auto, (max-width: 300px) 100vw, 300px\" \/><\/a>\n\t\t\t<\/div><\/figure><figure class='gallery-item'>\n\t\t\t<div class='gallery-icon landscape'>\n\t\t\t\t<a href='http:\/\/www.jcssterraplanagenslda.pt\/wp-content\/uploads\/2016\/03\/Ampliacao-das-Instalacoes-Centro-Social-Padre-Jose-Coelho_00002.jpg'><img loading=\"lazy\" decoding=\"async\" width=\"300\" height=\"225\" src=\"http:\/\/www.jcssterraplanagenslda.pt\/wp-content\/uploads\/2016\/03\/Ampliacao-das-Instalacoes-Centro-Social-Padre-Jose-Coelho_00002-300x225.jpg\" class=\"attachment-medium size-medium\" alt=\"\" srcset=\"http:\/\/www.jcssterraplanagenslda.pt\/wp-content\/uploads\/2016\/03\/Ampliacao-das-Instalacoes-Centro-Social-Padre-Jose-Coelho_00002-300x225.jpg 300w, http:\/\/www.jcssterraplanagenslda.pt\/wp-content\/uploads\/2016\/03\/Ampliacao-das-Instalacoes-Centro-Social-Padre-Jose-Coelho_00002-768x576.jpg 768w, http:\/\/www.jcssterraplanagenslda.pt\/wp-content\/uploads\/2016\/03\/Ampliacao-das-Instalacoes-Centro-Social-Padre-Jose-Coelho_00002-500x375.jpg 500w, http:\/\/www.jcssterraplanagenslda.pt\/wp-content\/uploads\/2016\/03\/Ampliacao-das-Instalacoes-Centro-Social-Padre-Jose-Coelho_00002.jpg 960w\" sizes=\"auto, (max-width: 300px) 100vw, 300px\" \/><\/a>\n\t\t\t<\/div><\/figure><figure class='gallery-item'>\n\t\t\t<div class='gallery-icon landscape'>\n\t\t\t\t<a href='http:\/\/www.jcssterraplanagenslda.pt\/wp-content\/uploads\/2016\/03\/Ampliacao-das-Instalacoes-Centro-Social-Padre-Jose-Coelho_00003.jpg'><img loading=\"lazy\" decoding=\"async\" width=\"300\" height=\"225\" src=\"http:\/\/www.jcssterraplanagenslda.pt\/wp-content\/uploads\/2016\/03\/Ampliacao-das-Instalacoes-Centro-Social-Padre-Jose-Coelho_00003-300x225.jpg\" class=\"attachment-medium size-medium\" alt=\"\" srcset=\"http:\/\/www.jcssterraplanagenslda.pt\/wp-content\/uploads\/2016\/03\/Ampliacao-das-Instalacoes-Centro-Social-Padre-Jose-Coelho_00003-300x225.jpg 300w, http:\/\/www.jcssterraplanagenslda.pt\/wp-content\/uploads\/2016\/03\/Ampliacao-das-Instalacoes-Centro-Social-Padre-Jose-Coelho_00003-768x576.jpg 768w, http:\/\/www.jcssterraplanagenslda.pt\/wp-content\/uploads\/2016\/03\/Ampliacao-das-Instalacoes-Centro-Social-Padre-Jose-Coelho_00003-500x375.jpg 500w, http:\/\/www.jcssterraplanagenslda.pt\/wp-content\/uploads\/2016\/03\/Ampliacao-das-Instalacoes-Centro-Social-Padre-Jose-Coelho_00003.jpg 960w\" sizes=\"auto, (max-width: 300px) 100vw, 300px\" \/><\/a>\n\t\t\t<\/div><\/figure><figure class='gallery-item'>\n\t\t\t<div class='gallery-icon landscape'>\n\t\t\t\t<a href='http:\/\/www.jcssterraplanagenslda.pt\/wp-content\/uploads\/2016\/03\/Ampliacao-das-Instalacoes-Centro-Social-Padre-Jose-Coelho_00004.jpg'><img loading=\"lazy\" decoding=\"async\" width=\"300\" height=\"225\" src=\"http:\/\/www.jcssterraplanagenslda.pt\/wp-content\/uploads\/2016\/03\/Ampliacao-das-Instalacoes-Centro-Social-Padre-Jose-Coelho_00004-300x225.jpg\" class=\"attachment-medium size-medium\" alt=\"\" srcset=\"http:\/\/www.jcssterraplanagenslda.pt\/wp-content\/uploads\/2016\/03\/Ampliacao-das-Instalacoes-Centro-Social-Padre-Jose-Coelho_00004-300x225.jpg 300w, http:\/\/www.jcssterraplanagenslda.pt\/wp-content\/uploads\/2016\/03\/Ampliacao-das-Instalacoes-Centro-Social-Padre-Jose-Coelho_00004-768x576.jpg 768w, http:\/\/www.jcssterraplanagenslda.pt\/wp-content\/uploads\/2016\/03\/Ampliacao-das-Instalacoes-Centro-Social-Padre-Jose-Coelho_00004-500x375.jpg 500w, http:\/\/www.jcssterraplanagenslda.pt\/wp-content\/uploads\/2016\/03\/Ampliacao-das-Instalacoes-Centro-Social-Padre-Jose-Coelho_00004.jpg 960w\" sizes=\"auto, (max-width: 300px) 100vw, 300px\" \/><\/a>\n\t\t\t<\/div><\/figure><figure class='gallery-item'>\n\t\t\t<div class='gallery-icon landscape'>\n\t\t\t\t<a href='http:\/\/www.jcssterraplanagenslda.pt\/wp-content\/uploads\/2016\/03\/Ampliacao-das-Instalacoes-Centro-Social-Padre-Jose-Coelho_00005.jpg'><img loading=\"lazy\" decoding=\"async\" width=\"300\" height=\"168\" src=\"http:\/\/www.jcssterraplanagenslda.pt\/wp-content\/uploads\/2016\/03\/Ampliacao-das-Instalacoes-Centro-Social-Padre-Jose-Coelho_00005-300x168.jpg\" class=\"attachment-medium size-medium\" alt=\"\" srcset=\"http:\/\/www.jcssterraplanagenslda.pt\/wp-content\/uploads\/2016\/03\/Ampliacao-das-Instalacoes-Centro-Social-Padre-Jose-Coelho_00005-300x168.jpg 300w, http:\/\/www.jcssterraplanagenslda.pt\/wp-content\/uploads\/2016\/03\/Ampliacao-das-Instalacoes-Centro-Social-Padre-Jose-Coelho_00005-768x430.jpg 768w, http:\/\/www.jcssterraplanagenslda.pt\/wp-content\/uploads\/2016\/03\/Ampliacao-das-Instalacoes-Centro-Social-Padre-Jose-Coelho_00005-500x280.jpg 500w, http:\/\/www.jcssterraplanagenslda.pt\/wp-content\/uploads\/2016\/03\/Ampliacao-das-Instalacoes-Centro-Social-Padre-Jose-Coelho_00005.jpg 960w\" sizes=\"auto, (max-width: 300px) 100vw, 300px\" \/><\/a>\n\t\t\t<\/div><\/figure>\n\t\t<\/div>\n\n","protected":false},"excerpt":{"rendered":"","protected":false},"author":1,"featured_media":2302,"comment_status":"closed","ping_status":"closed","sticky":false,"template":"","format":"standard","meta":{"footnotes":""},"categories":[4],"tags":[],"class_list":["post-2300","post","type-post","status-publish","format-standard","has-post-thumbnail","hentry","category-escavacao"],"aioseo_notices":[],"_links":{"self":[{"href":"http:\/\/www.jcssterraplanagenslda.pt\/index.php?rest_route=\/wp\/v2\/posts\/2300","targetHints":{"allow":["GET"]}}],"collection":[{"href":"http:\/\/www.jcssterraplanagenslda.pt\/index.php?rest_route=\/wp\/v2\/posts"}],"about":[{"href":"http:\/\/www.jcssterraplanagenslda.pt\/index.php?rest_route=\/wp\/v2\/types\/post"}],"author":[{"embeddable":true,"href":"http:\/\/www.jcssterraplanagenslda.pt\/index.php?rest_route=\/wp\/v2\/users\/1"}],"replies":[{"embeddable":true,"href":"http:\/\/www.jcssterraplanagenslda.pt\/index.php?rest_route=%2Fwp%2Fv2%2Fcomments&post=2300"}],"version-history":[{"count":1,"href":"http:\/\/www.jcssterraplanagenslda.pt\/index.php?rest_route=\/wp\/v2\/posts\/2300\/revisions"}],"predecessor-version":[{"id":2306,"href":"http:\/\/www.jcssterraplanagenslda.pt\/index.php?rest_route=\/wp\/v2\/posts\/2300\/revisions\/2306"}],"wp:featuredmedia":[{"embeddable":true,"href":"http:\/\/www.jcssterraplanagenslda.pt\/index.php?rest_route=\/wp\/v2\/media\/2302"}],"wp:attachment":[{"href":"http:\/\/www.jcssterraplanagenslda.pt\/index.php?rest_route=%2Fwp%2Fv2%2Fmedia&parent=2300"}],"wp:term":[{"taxonomy":"category","embeddable":true,"href":"http:\/\/www.jcssterraplanagenslda.pt\/index.php?rest_route=%2Fwp%2Fv2%2Fcategories&post=2300"},{"taxonomy":"post_tag","embeddable":true,"href":"http:\/\/www.jcssterraplanagenslda.pt\/index.php?rest_route=%2Fwp%2Fv2%2Ftags&post=2300"}],"curies":[{"name":"wp","href":"https:\/\/api.w.org\/{rel}","templated":true}]}}