{"id":2280,"date":"2016-03-11T00:00:32","date_gmt":"2016-03-10T23:00:32","guid":{"rendered":"http:\/\/www.jcssterraplanagenslda.pt\/?p=2280"},"modified":"2016-03-23T17:45:43","modified_gmt":"2016-03-23T16:45:43","slug":"demolicao-de-edificio-parque-das-hortas","status":"publish","type":"post","link":"http:\/\/www.jcssterraplanagenslda.pt\/?p=2280","title":{"rendered":"Demoli\u00e7\u00e3o de Edif\u00edcio &#8211; Parque das Hortas"},"content":{"rendered":"<div id='gallery-1' class='gallery galleryid-2280 gallery-columns-3 gallery-size-medium'><figure class='gallery-item'>\n\t\t\t<div class='gallery-icon landscape'>\n\t\t\t\t<a href='http:\/\/www.jcssterraplanagenslda.pt\/wp-content\/uploads\/2016\/03\/Demolicao-de-Edificio-Parque-das-Hortas_00028.jpg'><img loading=\"lazy\" decoding=\"async\" width=\"300\" height=\"180\" src=\"http:\/\/www.jcssterraplanagenslda.pt\/wp-content\/uploads\/2016\/03\/Demolicao-de-Edificio-Parque-das-Hortas_00028-300x180.jpg\" class=\"attachment-medium size-medium\" alt=\"\" srcset=\"http:\/\/www.jcssterraplanagenslda.pt\/wp-content\/uploads\/2016\/03\/Demolicao-de-Edificio-Parque-das-Hortas_00028-300x180.jpg 300w, http:\/\/www.jcssterraplanagenslda.pt\/wp-content\/uploads\/2016\/03\/Demolicao-de-Edificio-Parque-das-Hortas_00028-768x461.jpg 768w, http:\/\/www.jcssterraplanagenslda.pt\/wp-content\/uploads\/2016\/03\/Demolicao-de-Edificio-Parque-das-Hortas_00028-1024x614.jpg 1024w, http:\/\/www.jcssterraplanagenslda.pt\/wp-content\/uploads\/2016\/03\/Demolicao-de-Edificio-Parque-das-Hortas_00028-500x300.jpg 500w, http:\/\/www.jcssterraplanagenslda.pt\/wp-content\/uploads\/2016\/03\/Demolicao-de-Edificio-Parque-das-Hortas_00028.jpg 1280w\" sizes=\"auto, (max-width: 300px) 100vw, 300px\" \/><\/a>\n\t\t\t<\/div><\/figure><figure class='gallery-item'>\n\t\t\t<div class='gallery-icon landscape'>\n\t\t\t\t<a href='http:\/\/www.jcssterraplanagenslda.pt\/wp-content\/uploads\/2016\/03\/Demolicao-de-Edificio-Parque-das-Hortas_00027.jpg'><img loading=\"lazy\" decoding=\"async\" width=\"300\" height=\"180\" src=\"http:\/\/www.jcssterraplanagenslda.pt\/wp-content\/uploads\/2016\/03\/Demolicao-de-Edificio-Parque-das-Hortas_00027-300x180.jpg\" class=\"attachment-medium size-medium\" alt=\"\" srcset=\"http:\/\/www.jcssterraplanagenslda.pt\/wp-content\/uploads\/2016\/03\/Demolicao-de-Edificio-Parque-das-Hortas_00027-300x180.jpg 300w, http:\/\/www.jcssterraplanagenslda.pt\/wp-content\/uploads\/2016\/03\/Demolicao-de-Edificio-Parque-das-Hortas_00027-768x461.jpg 768w, http:\/\/www.jcssterraplanagenslda.pt\/wp-content\/uploads\/2016\/03\/Demolicao-de-Edificio-Parque-das-Hortas_00027-1024x614.jpg 1024w, http:\/\/www.jcssterraplanagenslda.pt\/wp-content\/uploads\/2016\/03\/Demolicao-de-Edificio-Parque-das-Hortas_00027-500x300.jpg 500w, http:\/\/www.jcssterraplanagenslda.pt\/wp-content\/uploads\/2016\/03\/Demolicao-de-Edificio-Parque-das-Hortas_00027.jpg 1280w\" sizes=\"auto, (max-width: 300px) 100vw, 300px\" \/><\/a>\n\t\t\t<\/div><\/figure><figure class='gallery-item'>\n\t\t\t<div class='gallery-icon landscape'>\n\t\t\t\t<a href='http:\/\/www.jcssterraplanagenslda.pt\/wp-content\/uploads\/2016\/03\/Demolicao-de-Edificio-Parque-das-Hortas_00026.jpg'><img loading=\"lazy\" decoding=\"async\" width=\"300\" height=\"180\" src=\"http:\/\/www.jcssterraplanagenslda.pt\/wp-content\/uploads\/2016\/03\/Demolicao-de-Edificio-Parque-das-Hortas_00026-300x180.jpg\" class=\"attachment-medium size-medium\" alt=\"\" srcset=\"http:\/\/www.jcssterraplanagenslda.pt\/wp-content\/uploads\/2016\/03\/Demolicao-de-Edificio-Parque-das-Hortas_00026-300x180.jpg 300w, http:\/\/www.jcssterraplanagenslda.pt\/wp-content\/uploads\/2016\/03\/Demolicao-de-Edificio-Parque-das-Hortas_00026-768x461.jpg 768w, http:\/\/www.jcssterraplanagenslda.pt\/wp-content\/uploads\/2016\/03\/Demolicao-de-Edificio-Parque-das-Hortas_00026-1024x614.jpg 1024w, http:\/\/www.jcssterraplanagenslda.pt\/wp-content\/uploads\/2016\/03\/Demolicao-de-Edificio-Parque-das-Hortas_00026-500x300.jpg 500w, http:\/\/www.jcssterraplanagenslda.pt\/wp-content\/uploads\/2016\/03\/Demolicao-de-Edificio-Parque-das-Hortas_00026.jpg 1280w\" sizes=\"auto, (max-width: 300px) 100vw, 300px\" \/><\/a>\n\t\t\t<\/div><\/figure><figure class='gallery-item'>\n\t\t\t<div class='gallery-icon landscape'>\n\t\t\t\t<a href='http:\/\/www.jcssterraplanagenslda.pt\/wp-content\/uploads\/2016\/03\/Demolicao-de-Edificio-Parque-das-Hortas_00025.jpg'><img loading=\"lazy\" decoding=\"async\" width=\"300\" height=\"180\" src=\"http:\/\/www.jcssterraplanagenslda.pt\/wp-content\/uploads\/2016\/03\/Demolicao-de-Edificio-Parque-das-Hortas_00025-300x180.jpg\" class=\"attachment-medium size-medium\" alt=\"\" srcset=\"http:\/\/www.jcssterraplanagenslda.pt\/wp-content\/uploads\/2016\/03\/Demolicao-de-Edificio-Parque-das-Hortas_00025-300x180.jpg 300w, http:\/\/www.jcssterraplanagenslda.pt\/wp-content\/uploads\/2016\/03\/Demolicao-de-Edificio-Parque-das-Hortas_00025-768x461.jpg 768w, http:\/\/www.jcssterraplanagenslda.pt\/wp-content\/uploads\/2016\/03\/Demolicao-de-Edificio-Parque-das-Hortas_00025-1024x614.jpg 1024w, http:\/\/www.jcssterraplanagenslda.pt\/wp-content\/uploads\/2016\/03\/Demolicao-de-Edificio-Parque-das-Hortas_00025-500x300.jpg 500w, http:\/\/www.jcssterraplanagenslda.pt\/wp-content\/uploads\/2016\/03\/Demolicao-de-Edificio-Parque-das-Hortas_00025.jpg 1280w\" sizes=\"auto, (max-width: 300px) 100vw, 300px\" \/><\/a>\n\t\t\t<\/div><\/figure><figure class='gallery-item'>\n\t\t\t<div class='gallery-icon landscape'>\n\t\t\t\t<a href='http:\/\/www.jcssterraplanagenslda.pt\/wp-content\/uploads\/2016\/03\/Demolicao-de-Edificio-Parque-das-Hortas_00006.jpg'><img loading=\"lazy\" decoding=\"async\" width=\"300\" height=\"180\" src=\"http:\/\/www.jcssterraplanagenslda.pt\/wp-content\/uploads\/2016\/03\/Demolicao-de-Edificio-Parque-das-Hortas_00006-300x180.jpg\" class=\"attachment-medium size-medium\" alt=\"\" srcset=\"http:\/\/www.jcssterraplanagenslda.pt\/wp-content\/uploads\/2016\/03\/Demolicao-de-Edificio-Parque-das-Hortas_00006-300x180.jpg 300w, http:\/\/www.jcssterraplanagenslda.pt\/wp-content\/uploads\/2016\/03\/Demolicao-de-Edificio-Parque-das-Hortas_00006-768x461.jpg 768w, http:\/\/www.jcssterraplanagenslda.pt\/wp-content\/uploads\/2016\/03\/Demolicao-de-Edificio-Parque-das-Hortas_00006-500x300.jpg 500w, http:\/\/www.jcssterraplanagenslda.pt\/wp-content\/uploads\/2016\/03\/Demolicao-de-Edificio-Parque-das-Hortas_00006.jpg 960w\" sizes=\"auto, (max-width: 300px) 100vw, 300px\" \/><\/a>\n\t\t\t<\/div><\/figure><figure class='gallery-item'>\n\t\t\t<div class='gallery-icon landscape'>\n\t\t\t\t<a href='http:\/\/www.jcssterraplanagenslda.pt\/wp-content\/uploads\/2016\/03\/Demolicao-de-Edificio-Parque-das-Hortas_00005.jpg'><img loading=\"lazy\" decoding=\"async\" width=\"300\" height=\"180\" src=\"http:\/\/www.jcssterraplanagenslda.pt\/wp-content\/uploads\/2016\/03\/Demolicao-de-Edificio-Parque-das-Hortas_00005-300x180.jpg\" class=\"attachment-medium size-medium\" alt=\"\" srcset=\"http:\/\/www.jcssterraplanagenslda.pt\/wp-content\/uploads\/2016\/03\/Demolicao-de-Edificio-Parque-das-Hortas_00005-300x180.jpg 300w, http:\/\/www.jcssterraplanagenslda.pt\/wp-content\/uploads\/2016\/03\/Demolicao-de-Edificio-Parque-das-Hortas_00005-768x461.jpg 768w, http:\/\/www.jcssterraplanagenslda.pt\/wp-content\/uploads\/2016\/03\/Demolicao-de-Edificio-Parque-das-Hortas_00005-500x300.jpg 500w, http:\/\/www.jcssterraplanagenslda.pt\/wp-content\/uploads\/2016\/03\/Demolicao-de-Edificio-Parque-das-Hortas_00005.jpg 960w\" sizes=\"auto, (max-width: 300px) 100vw, 300px\" \/><\/a>\n\t\t\t<\/div><\/figure>\n\t\t<\/div>\n\n<p><!--more--><\/p>\n<div id='gallery-2' class='gallery galleryid-2280 gallery-columns-3 gallery-size-medium'><figure class='gallery-item'>\n\t\t\t<div class='gallery-icon landscape'>\n\t\t\t\t<a href='http:\/\/www.jcssterraplanagenslda.pt\/wp-content\/uploads\/2016\/03\/Demolicao-de-Edificio-Parque-das-Hortas_00022.jpg'><img loading=\"lazy\" decoding=\"async\" width=\"300\" height=\"180\" src=\"http:\/\/www.jcssterraplanagenslda.pt\/wp-content\/uploads\/2016\/03\/Demolicao-de-Edificio-Parque-das-Hortas_00022-300x180.jpg\" class=\"attachment-medium size-medium\" alt=\"\" srcset=\"http:\/\/www.jcssterraplanagenslda.pt\/wp-content\/uploads\/2016\/03\/Demolicao-de-Edificio-Parque-das-Hortas_00022-300x180.jpg 300w, http:\/\/www.jcssterraplanagenslda.pt\/wp-content\/uploads\/2016\/03\/Demolicao-de-Edificio-Parque-das-Hortas_00022-768x461.jpg 768w, http:\/\/www.jcssterraplanagenslda.pt\/wp-content\/uploads\/2016\/03\/Demolicao-de-Edificio-Parque-das-Hortas_00022-1024x614.jpg 1024w, http:\/\/www.jcssterraplanagenslda.pt\/wp-content\/uploads\/2016\/03\/Demolicao-de-Edificio-Parque-das-Hortas_00022-500x300.jpg 500w, http:\/\/www.jcssterraplanagenslda.pt\/wp-content\/uploads\/2016\/03\/Demolicao-de-Edificio-Parque-das-Hortas_00022.jpg 1280w\" sizes=\"auto, (max-width: 300px) 100vw, 300px\" \/><\/a>\n\t\t\t<\/div><\/figure><figure class='gallery-item'>\n\t\t\t<div class='gallery-icon landscape'>\n\t\t\t\t<a href='http:\/\/www.jcssterraplanagenslda.pt\/wp-content\/uploads\/2016\/03\/Demolicao-de-Edificio-Parque-das-Hortas_00021.jpg'><img loading=\"lazy\" decoding=\"async\" width=\"300\" height=\"180\" src=\"http:\/\/www.jcssterraplanagenslda.pt\/wp-content\/uploads\/2016\/03\/Demolicao-de-Edificio-Parque-das-Hortas_00021-300x180.jpg\" class=\"attachment-medium size-medium\" alt=\"\" srcset=\"http:\/\/www.jcssterraplanagenslda.pt\/wp-content\/uploads\/2016\/03\/Demolicao-de-Edificio-Parque-das-Hortas_00021-300x180.jpg 300w, http:\/\/www.jcssterraplanagenslda.pt\/wp-content\/uploads\/2016\/03\/Demolicao-de-Edificio-Parque-das-Hortas_00021-768x461.jpg 768w, http:\/\/www.jcssterraplanagenslda.pt\/wp-content\/uploads\/2016\/03\/Demolicao-de-Edificio-Parque-das-Hortas_00021-1024x614.jpg 1024w, http:\/\/www.jcssterraplanagenslda.pt\/wp-content\/uploads\/2016\/03\/Demolicao-de-Edificio-Parque-das-Hortas_00021-500x300.jpg 500w, http:\/\/www.jcssterraplanagenslda.pt\/wp-content\/uploads\/2016\/03\/Demolicao-de-Edificio-Parque-das-Hortas_00021.jpg 1280w\" sizes=\"auto, (max-width: 300px) 100vw, 300px\" \/><\/a>\n\t\t\t<\/div><\/figure><figure class='gallery-item'>\n\t\t\t<div class='gallery-icon landscape'>\n\t\t\t\t<a href='http:\/\/www.jcssterraplanagenslda.pt\/wp-content\/uploads\/2016\/03\/Demolicao-de-Edificio-Parque-das-Hortas_00020.jpg'><img loading=\"lazy\" decoding=\"async\" width=\"300\" height=\"180\" src=\"http:\/\/www.jcssterraplanagenslda.pt\/wp-content\/uploads\/2016\/03\/Demolicao-de-Edificio-Parque-das-Hortas_00020-300x180.jpg\" class=\"attachment-medium size-medium\" alt=\"\" srcset=\"http:\/\/www.jcssterraplanagenslda.pt\/wp-content\/uploads\/2016\/03\/Demolicao-de-Edificio-Parque-das-Hortas_00020-300x180.jpg 300w, http:\/\/www.jcssterraplanagenslda.pt\/wp-content\/uploads\/2016\/03\/Demolicao-de-Edificio-Parque-das-Hortas_00020-768x461.jpg 768w, http:\/\/www.jcssterraplanagenslda.pt\/wp-content\/uploads\/2016\/03\/Demolicao-de-Edificio-Parque-das-Hortas_00020-1024x614.jpg 1024w, http:\/\/www.jcssterraplanagenslda.pt\/wp-content\/uploads\/2016\/03\/Demolicao-de-Edificio-Parque-das-Hortas_00020-500x300.jpg 500w, http:\/\/www.jcssterraplanagenslda.pt\/wp-content\/uploads\/2016\/03\/Demolicao-de-Edificio-Parque-das-Hortas_00020.jpg 1280w\" sizes=\"auto, (max-width: 300px) 100vw, 300px\" \/><\/a>\n\t\t\t<\/div><\/figure><figure class='gallery-item'>\n\t\t\t<div class='gallery-icon landscape'>\n\t\t\t\t<a href='http:\/\/www.jcssterraplanagenslda.pt\/wp-content\/uploads\/2016\/03\/Demolicao-de-Edificio-Parque-das-Hortas_00024.jpg'><img loading=\"lazy\" decoding=\"async\" width=\"300\" height=\"180\" src=\"http:\/\/www.jcssterraplanagenslda.pt\/wp-content\/uploads\/2016\/03\/Demolicao-de-Edificio-Parque-das-Hortas_00024-300x180.jpg\" class=\"attachment-medium size-medium\" alt=\"\" srcset=\"http:\/\/www.jcssterraplanagenslda.pt\/wp-content\/uploads\/2016\/03\/Demolicao-de-Edificio-Parque-das-Hortas_00024-300x180.jpg 300w, http:\/\/www.jcssterraplanagenslda.pt\/wp-content\/uploads\/2016\/03\/Demolicao-de-Edificio-Parque-das-Hortas_00024-768x461.jpg 768w, http:\/\/www.jcssterraplanagenslda.pt\/wp-content\/uploads\/2016\/03\/Demolicao-de-Edificio-Parque-das-Hortas_00024-1024x614.jpg 1024w, http:\/\/www.jcssterraplanagenslda.pt\/wp-content\/uploads\/2016\/03\/Demolicao-de-Edificio-Parque-das-Hortas_00024-500x300.jpg 500w, http:\/\/www.jcssterraplanagenslda.pt\/wp-content\/uploads\/2016\/03\/Demolicao-de-Edificio-Parque-das-Hortas_00024.jpg 1280w\" sizes=\"auto, (max-width: 300px) 100vw, 300px\" \/><\/a>\n\t\t\t<\/div><\/figure><figure class='gallery-item'>\n\t\t\t<div class='gallery-icon landscape'>\n\t\t\t\t<a href='http:\/\/www.jcssterraplanagenslda.pt\/wp-content\/uploads\/2016\/03\/Demolicao-de-Edificio-Parque-das-Hortas_00023.jpg'><img loading=\"lazy\" decoding=\"async\" width=\"300\" height=\"180\" src=\"http:\/\/www.jcssterraplanagenslda.pt\/wp-content\/uploads\/2016\/03\/Demolicao-de-Edificio-Parque-das-Hortas_00023-300x180.jpg\" class=\"attachment-medium size-medium\" alt=\"\" srcset=\"http:\/\/www.jcssterraplanagenslda.pt\/wp-content\/uploads\/2016\/03\/Demolicao-de-Edificio-Parque-das-Hortas_00023-300x180.jpg 300w, http:\/\/www.jcssterraplanagenslda.pt\/wp-content\/uploads\/2016\/03\/Demolicao-de-Edificio-Parque-das-Hortas_00023-768x461.jpg 768w, http:\/\/www.jcssterraplanagenslda.pt\/wp-content\/uploads\/2016\/03\/Demolicao-de-Edificio-Parque-das-Hortas_00023-1024x614.jpg 1024w, http:\/\/www.jcssterraplanagenslda.pt\/wp-content\/uploads\/2016\/03\/Demolicao-de-Edificio-Parque-das-Hortas_00023-500x300.jpg 500w, http:\/\/www.jcssterraplanagenslda.pt\/wp-content\/uploads\/2016\/03\/Demolicao-de-Edificio-Parque-das-Hortas_00023.jpg 1280w\" sizes=\"auto, (max-width: 300px) 100vw, 300px\" \/><\/a>\n\t\t\t<\/div><\/figure>\n\t\t<\/div>\n\n","protected":false},"excerpt":{"rendered":"","protected":false},"author":1,"featured_media":2255,"comment_status":"closed","ping_status":"closed","sticky":false,"template":"","format":"standard","meta":{"footnotes":""},"categories":[5],"tags":[],"class_list":["post-2280","post","type-post","status-publish","format-standard","has-post-thumbnail","hentry","category-demolicao"],"aioseo_notices":[],"_links":{"self":[{"href":"http:\/\/www.jcssterraplanagenslda.pt\/index.php?rest_route=\/wp\/v2\/posts\/2280","targetHints":{"allow":["GET"]}}],"collection":[{"href":"http:\/\/www.jcssterraplanagenslda.pt\/index.php?rest_route=\/wp\/v2\/posts"}],"about":[{"href":"http:\/\/www.jcssterraplanagenslda.pt\/index.php?rest_route=\/wp\/v2\/types\/post"}],"author":[{"embeddable":true,"href":"http:\/\/www.jcssterraplanagenslda.pt\/index.php?rest_route=\/wp\/v2\/users\/1"}],"replies":[{"embeddable":true,"href":"http:\/\/www.jcssterraplanagenslda.pt\/index.php?rest_route=%2Fwp%2Fv2%2Fcomments&post=2280"}],"version-history":[{"count":4,"href":"http:\/\/www.jcssterraplanagenslda.pt\/index.php?rest_route=\/wp\/v2\/posts\/2280\/revisions"}],"predecessor-version":[{"id":2299,"href":"http:\/\/www.jcssterraplanagenslda.pt\/index.php?rest_route=\/wp\/v2\/posts\/2280\/revisions\/2299"}],"wp:featuredmedia":[{"embeddable":true,"href":"http:\/\/www.jcssterraplanagenslda.pt\/index.php?rest_route=\/wp\/v2\/media\/2255"}],"wp:attachment":[{"href":"http:\/\/www.jcssterraplanagenslda.pt\/index.php?rest_route=%2Fwp%2Fv2%2Fmedia&parent=2280"}],"wp:term":[{"taxonomy":"category","embeddable":true,"href":"http:\/\/www.jcssterraplanagenslda.pt\/index.php?rest_route=%2Fwp%2Fv2%2Fcategories&post=2280"},{"taxonomy":"post_tag","embeddable":true,"href":"http:\/\/www.jcssterraplanagenslda.pt\/index.php?rest_route=%2Fwp%2Fv2%2Ftags&post=2280"}],"curies":[{"name":"wp","href":"https:\/\/api.w.org\/{rel}","templated":true}]}}