{"id":1912,"date":"2015-07-23T17:13:49","date_gmt":"2015-07-23T16:13:49","guid":{"rendered":"http:\/\/www.jcssterraplanagenslda.pt\/?p=1912"},"modified":"2017-05-20T11:47:29","modified_gmt":"2017-05-20T10:47:29","slug":"demolicao-escola-basica-e-secundaria-de-buzio","status":"publish","type":"post","link":"http:\/\/www.jcssterraplanagenslda.pt\/?p=1912","title":{"rendered":"Demoli\u00e7\u00e3o &#8211; Escola B\u00e1sica e Secund\u00e1ria de B\u00fazio"},"content":{"rendered":"<p>&nbsp;<\/p>\n<div id='gallery-1' class='gallery galleryid-1912 gallery-columns-3 gallery-size-medium'><figure class='gallery-item'>\n\t\t\t<div class='gallery-icon landscape'>\n\t\t\t\t<a href='http:\/\/www.jcssterraplanagenslda.pt\/wp-content\/uploads\/2015\/07\/Escola-Basica-e-Secundaria-de-Buzio-Vale-de-Cambra-JCSS0001.jpg'><img loading=\"lazy\" decoding=\"async\" width=\"300\" height=\"225\" src=\"http:\/\/www.jcssterraplanagenslda.pt\/wp-content\/uploads\/2015\/07\/Escola-Basica-e-Secundaria-de-Buzio-Vale-de-Cambra-JCSS0001-300x225.jpg\" class=\"attachment-medium size-medium\" alt=\"\" srcset=\"http:\/\/www.jcssterraplanagenslda.pt\/wp-content\/uploads\/2015\/07\/Escola-Basica-e-Secundaria-de-Buzio-Vale-de-Cambra-JCSS0001-300x225.jpg 300w, http:\/\/www.jcssterraplanagenslda.pt\/wp-content\/uploads\/2015\/07\/Escola-Basica-e-Secundaria-de-Buzio-Vale-de-Cambra-JCSS0001-1024x768.jpg 1024w, http:\/\/www.jcssterraplanagenslda.pt\/wp-content\/uploads\/2015\/07\/Escola-Basica-e-Secundaria-de-Buzio-Vale-de-Cambra-JCSS0001-500x375.jpg 500w, http:\/\/www.jcssterraplanagenslda.pt\/wp-content\/uploads\/2015\/07\/Escola-Basica-e-Secundaria-de-Buzio-Vale-de-Cambra-JCSS0001.jpg 1280w\" sizes=\"auto, (max-width: 300px) 100vw, 300px\" \/><\/a>\n\t\t\t<\/div><\/figure><figure class='gallery-item'>\n\t\t\t<div class='gallery-icon landscape'>\n\t\t\t\t<a href='http:\/\/www.jcssterraplanagenslda.pt\/wp-content\/uploads\/2015\/07\/Escola-Basica-e-Secundaria-de-Buzio-Vale-de-Cambra-JCSS0002.jpg'><img loading=\"lazy\" decoding=\"async\" width=\"300\" height=\"225\" src=\"http:\/\/www.jcssterraplanagenslda.pt\/wp-content\/uploads\/2015\/07\/Escola-Basica-e-Secundaria-de-Buzio-Vale-de-Cambra-JCSS0002-300x225.jpg\" class=\"attachment-medium size-medium\" alt=\"\" srcset=\"http:\/\/www.jcssterraplanagenslda.pt\/wp-content\/uploads\/2015\/07\/Escola-Basica-e-Secundaria-de-Buzio-Vale-de-Cambra-JCSS0002-300x225.jpg 300w, http:\/\/www.jcssterraplanagenslda.pt\/wp-content\/uploads\/2015\/07\/Escola-Basica-e-Secundaria-de-Buzio-Vale-de-Cambra-JCSS0002-1024x768.jpg 1024w, http:\/\/www.jcssterraplanagenslda.pt\/wp-content\/uploads\/2015\/07\/Escola-Basica-e-Secundaria-de-Buzio-Vale-de-Cambra-JCSS0002-500x375.jpg 500w, http:\/\/www.jcssterraplanagenslda.pt\/wp-content\/uploads\/2015\/07\/Escola-Basica-e-Secundaria-de-Buzio-Vale-de-Cambra-JCSS0002.jpg 1280w\" sizes=\"auto, (max-width: 300px) 100vw, 300px\" \/><\/a>\n\t\t\t<\/div><\/figure><figure class='gallery-item'>\n\t\t\t<div class='gallery-icon landscape'>\n\t\t\t\t<a href='http:\/\/www.jcssterraplanagenslda.pt\/wp-content\/uploads\/2015\/07\/Escola-Basica-e-Secundaria-de-Buzio-Vale-de-Cambra-JCSS0003.jpg'><img loading=\"lazy\" decoding=\"async\" width=\"300\" height=\"225\" src=\"http:\/\/www.jcssterraplanagenslda.pt\/wp-content\/uploads\/2015\/07\/Escola-Basica-e-Secundaria-de-Buzio-Vale-de-Cambra-JCSS0003-300x225.jpg\" class=\"attachment-medium size-medium\" alt=\"\" srcset=\"http:\/\/www.jcssterraplanagenslda.pt\/wp-content\/uploads\/2015\/07\/Escola-Basica-e-Secundaria-de-Buzio-Vale-de-Cambra-JCSS0003-300x225.jpg 300w, http:\/\/www.jcssterraplanagenslda.pt\/wp-content\/uploads\/2015\/07\/Escola-Basica-e-Secundaria-de-Buzio-Vale-de-Cambra-JCSS0003-1024x768.jpg 1024w, http:\/\/www.jcssterraplanagenslda.pt\/wp-content\/uploads\/2015\/07\/Escola-Basica-e-Secundaria-de-Buzio-Vale-de-Cambra-JCSS0003-500x375.jpg 500w, http:\/\/www.jcssterraplanagenslda.pt\/wp-content\/uploads\/2015\/07\/Escola-Basica-e-Secundaria-de-Buzio-Vale-de-Cambra-JCSS0003.jpg 1280w\" sizes=\"auto, (max-width: 300px) 100vw, 300px\" \/><\/a>\n\t\t\t<\/div><\/figure><figure class='gallery-item'>\n\t\t\t<div class='gallery-icon landscape'>\n\t\t\t\t<a href='http:\/\/www.jcssterraplanagenslda.pt\/wp-content\/uploads\/2015\/07\/Escola-Basica-e-Secundaria-de-Buzio-Vale-de-Cambra-JCSS0004.jpg'><img loading=\"lazy\" decoding=\"async\" width=\"300\" height=\"225\" src=\"http:\/\/www.jcssterraplanagenslda.pt\/wp-content\/uploads\/2015\/07\/Escola-Basica-e-Secundaria-de-Buzio-Vale-de-Cambra-JCSS0004-300x225.jpg\" class=\"attachment-medium size-medium\" alt=\"\" srcset=\"http:\/\/www.jcssterraplanagenslda.pt\/wp-content\/uploads\/2015\/07\/Escola-Basica-e-Secundaria-de-Buzio-Vale-de-Cambra-JCSS0004-300x225.jpg 300w, http:\/\/www.jcssterraplanagenslda.pt\/wp-content\/uploads\/2015\/07\/Escola-Basica-e-Secundaria-de-Buzio-Vale-de-Cambra-JCSS0004-1024x768.jpg 1024w, http:\/\/www.jcssterraplanagenslda.pt\/wp-content\/uploads\/2015\/07\/Escola-Basica-e-Secundaria-de-Buzio-Vale-de-Cambra-JCSS0004-500x375.jpg 500w, http:\/\/www.jcssterraplanagenslda.pt\/wp-content\/uploads\/2015\/07\/Escola-Basica-e-Secundaria-de-Buzio-Vale-de-Cambra-JCSS0004.jpg 1280w\" sizes=\"auto, (max-width: 300px) 100vw, 300px\" \/><\/a>\n\t\t\t<\/div><\/figure>\n\t\t<\/div>\n\n<p><strong>Triagem e reciclagem de res\u00edduos provenientes de demoli\u00e7\u00e3o (Escavadora de rastos\u00a0<strong>KOMATSU PC240NCL-8 e britadeira m\u00f3vel\u00a0KOMATSU BR380JG-1)<\/strong><\/strong><\/p>\n<div style=\"width: 720px;\" class=\"wp-video\"><video class=\"wp-video-shortcode\" id=\"video-1912-1\" width=\"720\" height=\"405\" preload=\"metadata\" controls=\"controls\"><source type=\"video\/mp4\" src=\"http:\/\/www.jcssterraplanagenslda.pt\/wp-content\/uploads\/2015\/07\/VID_20150721_112933.mp4?_=1\" \/><a href=\"http:\/\/www.jcssterraplanagenslda.pt\/wp-content\/uploads\/2015\/07\/VID_20150721_112933.mp4\">http:\/\/www.jcssterraplanagenslda.pt\/wp-content\/uploads\/2015\/07\/VID_20150721_112933.mp4<\/a><\/video><\/div>\n","protected":false},"excerpt":{"rendered":"<p>&nbsp; Triagem e reciclagem de res\u00edduos provenientes de demoli\u00e7\u00e3o (Escavadora de rastos\u00a0KOMATSU PC240NCL-8 e britadeira m\u00f3vel\u00a0KOMATSU BR380JG-1)<\/p>\n","protected":false},"author":1,"featured_media":1919,"comment_status":"closed","ping_status":"closed","sticky":false,"template":"","format":"standard","meta":{"footnotes":""},"categories":[5],"tags":[],"class_list":["post-1912","post","type-post","status-publish","format-standard","has-post-thumbnail","hentry","category-demolicao"],"aioseo_notices":[],"_links":{"self":[{"href":"http:\/\/www.jcssterraplanagenslda.pt\/index.php?rest_route=\/wp\/v2\/posts\/1912","targetHints":{"allow":["GET"]}}],"collection":[{"href":"http:\/\/www.jcssterraplanagenslda.pt\/index.php?rest_route=\/wp\/v2\/posts"}],"about":[{"href":"http:\/\/www.jcssterraplanagenslda.pt\/index.php?rest_route=\/wp\/v2\/types\/post"}],"author":[{"embeddable":true,"href":"http:\/\/www.jcssterraplanagenslda.pt\/index.php?rest_route=\/wp\/v2\/users\/1"}],"replies":[{"embeddable":true,"href":"http:\/\/www.jcssterraplanagenslda.pt\/index.php?rest_route=%2Fwp%2Fv2%2Fcomments&post=1912"}],"version-history":[{"count":9,"href":"http:\/\/www.jcssterraplanagenslda.pt\/index.php?rest_route=\/wp\/v2\/posts\/1912\/revisions"}],"predecessor-version":[{"id":2563,"href":"http:\/\/www.jcssterraplanagenslda.pt\/index.php?rest_route=\/wp\/v2\/posts\/1912\/revisions\/2563"}],"wp:featuredmedia":[{"embeddable":true,"href":"http:\/\/www.jcssterraplanagenslda.pt\/index.php?rest_route=\/wp\/v2\/media\/1919"}],"wp:attachment":[{"href":"http:\/\/www.jcssterraplanagenslda.pt\/index.php?rest_route=%2Fwp%2Fv2%2Fmedia&parent=1912"}],"wp:term":[{"taxonomy":"category","embeddable":true,"href":"http:\/\/www.jcssterraplanagenslda.pt\/index.php?rest_route=%2Fwp%2Fv2%2Fcategories&post=1912"},{"taxonomy":"post_tag","embeddable":true,"href":"http:\/\/www.jcssterraplanagenslda.pt\/index.php?rest_route=%2Fwp%2Fv2%2Ftags&post=1912"}],"curies":[{"name":"wp","href":"https:\/\/api.w.org\/{rel}","templated":true}]}}