{"id":1594,"date":"2015-05-13T15:05:33","date_gmt":"2015-05-13T14:05:33","guid":{"rendered":"http:\/\/www.jcssterraplanagenslda.pt\/?p=1594"},"modified":"2015-06-01T13:40:33","modified_gmt":"2015-06-01T12:40:33","slug":"demolicao-de-habitacoes-av-da-boavista","status":"publish","type":"post","link":"http:\/\/www.jcssterraplanagenslda.pt\/?p=1594","title":{"rendered":"Demoli\u00e7\u00e3o de Habita\u00e7\u00f5es &#8211; Av. da Boavista"},"content":{"rendered":"<div id='gallery-1' class='gallery galleryid-1594 gallery-columns-3 gallery-size-medium'><figure class='gallery-item'>\n\t\t\t<div class='gallery-icon landscape'>\n\t\t\t\t<a href='http:\/\/www.jcssterraplanagenslda.pt\/wp-content\/uploads\/2015\/05\/Demolicao-de-Habitacoes-Av.-da-Boavista-JCSS0003.jpg'><img loading=\"lazy\" decoding=\"async\" width=\"300\" height=\"225\" src=\"http:\/\/www.jcssterraplanagenslda.pt\/wp-content\/uploads\/2015\/05\/Demolicao-de-Habitacoes-Av.-da-Boavista-JCSS0003-300x225.jpg\" class=\"attachment-medium size-medium\" alt=\"\" srcset=\"http:\/\/www.jcssterraplanagenslda.pt\/wp-content\/uploads\/2015\/05\/Demolicao-de-Habitacoes-Av.-da-Boavista-JCSS0003-300x225.jpg 300w, http:\/\/www.jcssterraplanagenslda.pt\/wp-content\/uploads\/2015\/05\/Demolicao-de-Habitacoes-Av.-da-Boavista-JCSS0003-1024x768.jpg 1024w, http:\/\/www.jcssterraplanagenslda.pt\/wp-content\/uploads\/2015\/05\/Demolicao-de-Habitacoes-Av.-da-Boavista-JCSS0003-500x375.jpg 500w, http:\/\/www.jcssterraplanagenslda.pt\/wp-content\/uploads\/2015\/05\/Demolicao-de-Habitacoes-Av.-da-Boavista-JCSS0003.jpg 1280w\" sizes=\"auto, (max-width: 300px) 100vw, 300px\" \/><\/a>\n\t\t\t<\/div><\/figure><figure class='gallery-item'>\n\t\t\t<div class='gallery-icon landscape'>\n\t\t\t\t<a href='http:\/\/www.jcssterraplanagenslda.pt\/wp-content\/uploads\/2015\/05\/Demolicao-de-Habitacoes-Av.-da-Boavista-JCSS0002.jpg'><img loading=\"lazy\" decoding=\"async\" width=\"300\" height=\"225\" src=\"http:\/\/www.jcssterraplanagenslda.pt\/wp-content\/uploads\/2015\/05\/Demolicao-de-Habitacoes-Av.-da-Boavista-JCSS0002-300x225.jpg\" class=\"attachment-medium size-medium\" alt=\"\" srcset=\"http:\/\/www.jcssterraplanagenslda.pt\/wp-content\/uploads\/2015\/05\/Demolicao-de-Habitacoes-Av.-da-Boavista-JCSS0002-300x225.jpg 300w, http:\/\/www.jcssterraplanagenslda.pt\/wp-content\/uploads\/2015\/05\/Demolicao-de-Habitacoes-Av.-da-Boavista-JCSS0002-1024x768.jpg 1024w, http:\/\/www.jcssterraplanagenslda.pt\/wp-content\/uploads\/2015\/05\/Demolicao-de-Habitacoes-Av.-da-Boavista-JCSS0002-500x375.jpg 500w, http:\/\/www.jcssterraplanagenslda.pt\/wp-content\/uploads\/2015\/05\/Demolicao-de-Habitacoes-Av.-da-Boavista-JCSS0002.jpg 1280w\" sizes=\"auto, (max-width: 300px) 100vw, 300px\" \/><\/a>\n\t\t\t<\/div><\/figure><figure class='gallery-item'>\n\t\t\t<div class='gallery-icon landscape'>\n\t\t\t\t<a href='http:\/\/www.jcssterraplanagenslda.pt\/wp-content\/uploads\/2015\/05\/Demolicao-de-Habitacoes-Av.-da-Boavista-JCSS0001.jpg'><img loading=\"lazy\" decoding=\"async\" width=\"300\" height=\"225\" src=\"http:\/\/www.jcssterraplanagenslda.pt\/wp-content\/uploads\/2015\/05\/Demolicao-de-Habitacoes-Av.-da-Boavista-JCSS0001-300x225.jpg\" class=\"attachment-medium size-medium\" alt=\"\" srcset=\"http:\/\/www.jcssterraplanagenslda.pt\/wp-content\/uploads\/2015\/05\/Demolicao-de-Habitacoes-Av.-da-Boavista-JCSS0001-300x225.jpg 300w, http:\/\/www.jcssterraplanagenslda.pt\/wp-content\/uploads\/2015\/05\/Demolicao-de-Habitacoes-Av.-da-Boavista-JCSS0001-1024x768.jpg 1024w, http:\/\/www.jcssterraplanagenslda.pt\/wp-content\/uploads\/2015\/05\/Demolicao-de-Habitacoes-Av.-da-Boavista-JCSS0001-500x375.jpg 500w, http:\/\/www.jcssterraplanagenslda.pt\/wp-content\/uploads\/2015\/05\/Demolicao-de-Habitacoes-Av.-da-Boavista-JCSS0001.jpg 1280w\" sizes=\"auto, (max-width: 300px) 100vw, 300px\" \/><\/a>\n\t\t\t<\/div><\/figure><figure class='gallery-item'>\n\t\t\t<div class='gallery-icon landscape'>\n\t\t\t\t<a href='http:\/\/www.jcssterraplanagenslda.pt\/wp-content\/uploads\/2015\/05\/Demolicao-de-Habitacoes-Av.-da-Boavista-JCSS00021.jpg'><img loading=\"lazy\" decoding=\"async\" width=\"300\" height=\"225\" src=\"http:\/\/www.jcssterraplanagenslda.pt\/wp-content\/uploads\/2015\/05\/Demolicao-de-Habitacoes-Av.-da-Boavista-JCSS00021-300x225.jpg\" class=\"attachment-medium size-medium\" alt=\"\" srcset=\"http:\/\/www.jcssterraplanagenslda.pt\/wp-content\/uploads\/2015\/05\/Demolicao-de-Habitacoes-Av.-da-Boavista-JCSS00021-300x225.jpg 300w, http:\/\/www.jcssterraplanagenslda.pt\/wp-content\/uploads\/2015\/05\/Demolicao-de-Habitacoes-Av.-da-Boavista-JCSS00021-1024x768.jpg 1024w, http:\/\/www.jcssterraplanagenslda.pt\/wp-content\/uploads\/2015\/05\/Demolicao-de-Habitacoes-Av.-da-Boavista-JCSS00021-500x375.jpg 500w, http:\/\/www.jcssterraplanagenslda.pt\/wp-content\/uploads\/2015\/05\/Demolicao-de-Habitacoes-Av.-da-Boavista-JCSS00021.jpg 1280w\" sizes=\"auto, (max-width: 300px) 100vw, 300px\" \/><\/a>\n\t\t\t<\/div><\/figure><figure class='gallery-item'>\n\t\t\t<div class='gallery-icon landscape'>\n\t\t\t\t<a href='http:\/\/www.jcssterraplanagenslda.pt\/wp-content\/uploads\/2015\/05\/Demolicao-de-Habitacoes-Av.-da-Boavista-JCSS00031.jpg'><img loading=\"lazy\" decoding=\"async\" width=\"300\" height=\"225\" src=\"http:\/\/www.jcssterraplanagenslda.pt\/wp-content\/uploads\/2015\/05\/Demolicao-de-Habitacoes-Av.-da-Boavista-JCSS00031-300x225.jpg\" class=\"attachment-medium size-medium\" alt=\"\" srcset=\"http:\/\/www.jcssterraplanagenslda.pt\/wp-content\/uploads\/2015\/05\/Demolicao-de-Habitacoes-Av.-da-Boavista-JCSS00031-300x225.jpg 300w, http:\/\/www.jcssterraplanagenslda.pt\/wp-content\/uploads\/2015\/05\/Demolicao-de-Habitacoes-Av.-da-Boavista-JCSS00031-1024x768.jpg 1024w, http:\/\/www.jcssterraplanagenslda.pt\/wp-content\/uploads\/2015\/05\/Demolicao-de-Habitacoes-Av.-da-Boavista-JCSS00031-500x375.jpg 500w, http:\/\/www.jcssterraplanagenslda.pt\/wp-content\/uploads\/2015\/05\/Demolicao-de-Habitacoes-Av.-da-Boavista-JCSS00031.jpg 1280w\" sizes=\"auto, (max-width: 300px) 100vw, 300px\" \/><\/a>\n\t\t\t<\/div><\/figure><figure class='gallery-item'>\n\t\t\t<div class='gallery-icon landscape'>\n\t\t\t\t<a href='http:\/\/www.jcssterraplanagenslda.pt\/wp-content\/uploads\/2015\/05\/Demolicao-de-Habitacoes-Av.-da-Boavista-JCSS0004.jpg'><img loading=\"lazy\" decoding=\"async\" width=\"300\" height=\"225\" src=\"http:\/\/www.jcssterraplanagenslda.pt\/wp-content\/uploads\/2015\/05\/Demolicao-de-Habitacoes-Av.-da-Boavista-JCSS0004-300x225.jpg\" class=\"attachment-medium size-medium\" alt=\"\" srcset=\"http:\/\/www.jcssterraplanagenslda.pt\/wp-content\/uploads\/2015\/05\/Demolicao-de-Habitacoes-Av.-da-Boavista-JCSS0004-300x225.jpg 300w, http:\/\/www.jcssterraplanagenslda.pt\/wp-content\/uploads\/2015\/05\/Demolicao-de-Habitacoes-Av.-da-Boavista-JCSS0004-1024x768.jpg 1024w, http:\/\/www.jcssterraplanagenslda.pt\/wp-content\/uploads\/2015\/05\/Demolicao-de-Habitacoes-Av.-da-Boavista-JCSS0004-500x375.jpg 500w, http:\/\/www.jcssterraplanagenslda.pt\/wp-content\/uploads\/2015\/05\/Demolicao-de-Habitacoes-Av.-da-Boavista-JCSS0004.jpg 1280w\" sizes=\"auto, (max-width: 300px) 100vw, 300px\" \/><\/a>\n\t\t\t<\/div><\/figure>\n\t\t<\/div>\n\n<p><!--more--><\/p>\n<div id='gallery-2' class='gallery galleryid-1594 gallery-columns-3 gallery-size-medium'><figure class='gallery-item'>\n\t\t\t<div class='gallery-icon landscape'>\n\t\t\t\t<a href='http:\/\/www.jcssterraplanagenslda.pt\/wp-content\/uploads\/2015\/05\/Demolicao-de-Habitacoes-Av.-da-Boavista-JCSS00011.jpg'><img loading=\"lazy\" decoding=\"async\" width=\"300\" height=\"225\" src=\"http:\/\/www.jcssterraplanagenslda.pt\/wp-content\/uploads\/2015\/05\/Demolicao-de-Habitacoes-Av.-da-Boavista-JCSS00011-300x225.jpg\" class=\"attachment-medium size-medium\" alt=\"\" srcset=\"http:\/\/www.jcssterraplanagenslda.pt\/wp-content\/uploads\/2015\/05\/Demolicao-de-Habitacoes-Av.-da-Boavista-JCSS00011-300x225.jpg 300w, http:\/\/www.jcssterraplanagenslda.pt\/wp-content\/uploads\/2015\/05\/Demolicao-de-Habitacoes-Av.-da-Boavista-JCSS00011-1024x768.jpg 1024w, http:\/\/www.jcssterraplanagenslda.pt\/wp-content\/uploads\/2015\/05\/Demolicao-de-Habitacoes-Av.-da-Boavista-JCSS00011-500x375.jpg 500w, http:\/\/www.jcssterraplanagenslda.pt\/wp-content\/uploads\/2015\/05\/Demolicao-de-Habitacoes-Av.-da-Boavista-JCSS00011.jpg 1280w\" sizes=\"auto, (max-width: 300px) 100vw, 300px\" \/><\/a>\n\t\t\t<\/div><\/figure>\n\t\t<\/div>\n\n","protected":false},"excerpt":{"rendered":"","protected":false},"author":1,"featured_media":1595,"comment_status":"closed","ping_status":"closed","sticky":false,"template":"","format":"standard","meta":{"footnotes":""},"categories":[5],"tags":[],"class_list":["post-1594","post","type-post","status-publish","format-standard","has-post-thumbnail","hentry","category-demolicao"],"aioseo_notices":[],"_links":{"self":[{"href":"http:\/\/www.jcssterraplanagenslda.pt\/index.php?rest_route=\/wp\/v2\/posts\/1594","targetHints":{"allow":["GET"]}}],"collection":[{"href":"http:\/\/www.jcssterraplanagenslda.pt\/index.php?rest_route=\/wp\/v2\/posts"}],"about":[{"href":"http:\/\/www.jcssterraplanagenslda.pt\/index.php?rest_route=\/wp\/v2\/types\/post"}],"author":[{"embeddable":true,"href":"http:\/\/www.jcssterraplanagenslda.pt\/index.php?rest_route=\/wp\/v2\/users\/1"}],"replies":[{"embeddable":true,"href":"http:\/\/www.jcssterraplanagenslda.pt\/index.php?rest_route=%2Fwp%2Fv2%2Fcomments&post=1594"}],"version-history":[{"count":2,"href":"http:\/\/www.jcssterraplanagenslda.pt\/index.php?rest_route=\/wp\/v2\/posts\/1594\/revisions"}],"predecessor-version":[{"id":1685,"href":"http:\/\/www.jcssterraplanagenslda.pt\/index.php?rest_route=\/wp\/v2\/posts\/1594\/revisions\/1685"}],"wp:featuredmedia":[{"embeddable":true,"href":"http:\/\/www.jcssterraplanagenslda.pt\/index.php?rest_route=\/wp\/v2\/media\/1595"}],"wp:attachment":[{"href":"http:\/\/www.jcssterraplanagenslda.pt\/index.php?rest_route=%2Fwp%2Fv2%2Fmedia&parent=1594"}],"wp:term":[{"taxonomy":"category","embeddable":true,"href":"http:\/\/www.jcssterraplanagenslda.pt\/index.php?rest_route=%2Fwp%2Fv2%2Fcategories&post=1594"},{"taxonomy":"post_tag","embeddable":true,"href":"http:\/\/www.jcssterraplanagenslda.pt\/index.php?rest_route=%2Fwp%2Fv2%2Ftags&post=1594"}],"curies":[{"name":"wp","href":"https:\/\/api.w.org\/{rel}","templated":true}]}}